{"id":39498,"date":"2024-12-28T10:00:52","date_gmt":"2024-12-28T10:00:52","guid":{"rendered":"https:\/\/radiojehona.com\/?p=39498"},"modified":"2024-12-28T10:00:53","modified_gmt":"2024-12-28T10:00:53","slug":"jane-ulur-cmimet-edhe-te-nje-pjese-te-produkteve-bazike-ushqimore-qe-jane-pjese-e-shportes-se-vitit-te-ri-qeveria-vazhdon-ta-percjelle-situaten","status":"publish","type":"post","link":"https:\/\/radiojehona.mk\/?p=39498","title":{"rendered":"Jan\u00eb ulur \u00e7mimet edhe t\u00eb nj\u00eb pjese t\u00eb produkteve bazike ushqimore q\u00eb jan\u00eb pjes\u00eb e Shport\u00ebs s\u00eb Vitit t\u00eb Ri, Qeveria vazhdon ta p\u00ebrcjell\u00eb situat\u00ebn"},"content":{"rendered":"\n<figure class=\"wp-block-image size-full\"><img fetchpriority=\"high\" decoding=\"async\" width=\"730\" height=\"378\" src=\"https:\/\/radiojehona.com\/wp-content\/uploads\/2024\/11\/auto_market-11731568678.webp\" alt=\"\" class=\"wp-image-37326\" srcset=\"https:\/\/radiojehona.mk\/wp-content\/uploads\/2024\/11\/auto_market-11731568678.webp 730w, https:\/\/radiojehona.mk\/wp-content\/uploads\/2024\/11\/auto_market-11731568678-300x155.webp 300w\" sizes=\"(max-width: 730px) 100vw, 730px\" \/><\/figure>\n\n\n\n<p>Pjesa m\u00eb e madhe e tregtar\u00ebve po i kthejn\u00eb \u00e7mimet n\u00eb nivelin para rritjes, por vendimi p\u00ebr ngrirjen e \u00e7mimeve \u00ebsht\u00eb p\u00ebrgatitur, thon\u00eb nga Qeveria, duke treguar se vazhdojn\u00eb ta monitorojn\u00eb situat\u00ebn.<\/p>\n\n\n\n<p>N\u00ebse t\u00eb gjitha marketet q\u00eb jan\u00eb regjistruar p\u00ebr shport\u00ebn e Vitit t\u00eb Ri nuk i shtojn\u00eb asaj produkte baz\u00eb ushqimore, at\u00ebher\u00eb Qeveria, si\u00e7 tregohet, do t\u00eb detyrohet t\u00eb marr\u00eb nj\u00eb vendim dhe mas\u00eb jo t\u00eb popullarizuar n\u00eb treg.<\/p>\n\n\n\n<p>\u201cSot kemi nj\u00eb vendim p\u00ebrgatitur tashm\u00eb p\u00ebr ngrirjen e \u00e7mimeve, por tani p\u00ebr tani nuk do t\u2019ia propozojm\u00eb Qeveris\u00eb, do t\u00eb monitorojm\u00eb situat\u00ebn e \u00e7mimeve. N\u00ebse ndodh nj\u00eb rritje e p\u00ebrnj\u00ebhershme e \u00e7mimeve, un\u00eb menj\u00ebher\u00eb do t\u00eb k\u00ebrkoj q\u00eb t\u00eb thirret seanc\u00eb e jasht\u00ebzakonshme e Qeveris\u00eb dhe t\u00eb propozoj vendim p\u00ebr ngrirjen e \u00e7mimeve. Pas paralajm\u00ebrimit ton\u00eb, tregtar\u00ebt erdh\u00ebn n\u00eb vete dhe ul\u00ebn \u00e7mimet, sepse si\u00e7 thash\u00eb dhe do ta p\u00ebrs\u00ebris tani, nuk do t\u00eb lejojm\u00eb rritje lakmitare t\u00eb \u00e7mimeve t\u00eb produkteve ushqimore baz\u00eb gjat\u00eb festave\u201d, tha Durmishi.<\/p>\n\n\n\n<p>Ministri Durmishi theksoi se nga informacionet e Inspektoratit Shtet\u00ebror t\u00eb Tregut, i cili ishte n\u00eb terren, \u00e7mimet e disa prej produkteve ushqimore baz\u00eb n\u00eb disa markete tashm\u00eb jan\u00eb ulur, e n\u00eb disa tregje \u00e7mimet jan\u00eb ulur nga 20 n\u00eb 25%.<\/p>\n","protected":false},"excerpt":{"rendered":"<p>Pjesa m&euml; e madhe e tregtar&euml;ve po i kthejn&euml; &ccedil;mimet n&euml; nivelin para rritjes, por vendimi p&euml;r ngrirjen e &ccedil;mimeve &euml;sht&euml; p&euml;rgatitur, thon&euml; nga Qeveria, duke treguar se vazhdojn&euml; ta monitorojn&euml; situat&euml;n. N&euml;se t&euml; gjitha marketet q&euml; jan&euml; regjistruar p&euml;r shport&euml;n e Vitit t&euml; Ri nuk i shtojn&euml; asaj produkte baz&euml; ushqimore, at&euml;her&euml; Qeveria, si&ccedil; [&hellip;]<\/p>\n","protected":false},"author":2,"featured_media":37326,"comment_status":"open","ping_status":"closed","sticky":false,"template":"","format":"standard","meta":{"_monsterinsights_skip_tracking":false,"_monsterinsights_sitenote_active":false,"_monsterinsights_sitenote_note":"","_monsterinsights_sitenote_category":0,"footnotes":""},"categories":[1],"tags":[],"class_list":["post-39498","post","type-post","status-publish","format-standard","has-post-thumbnail","hentry","category-vendi"],"_links":{"self":[{"href":"https:\/\/radiojehona.mk\/index.php?rest_route=\/wp\/v2\/posts\/39498","targetHints":{"allow":["GET"]}}],"collection":[{"href":"https:\/\/radiojehona.mk\/index.php?rest_route=\/wp\/v2\/posts"}],"about":[{"href":"https:\/\/radiojehona.mk\/index.php?rest_route=\/wp\/v2\/types\/post"}],"author":[{"embeddable":true,"href":"https:\/\/radiojehona.mk\/index.php?rest_route=\/wp\/v2\/users\/2"}],"replies":[{"embeddable":true,"href":"https:\/\/radiojehona.mk\/index.php?rest_route=%2Fwp%2Fv2%2Fcomments&post=39498"}],"version-history":[{"count":2,"href":"https:\/\/radiojehona.mk\/index.php?rest_route=\/wp\/v2\/posts\/39498\/revisions"}],"predecessor-version":[{"id":39500,"href":"https:\/\/radiojehona.mk\/index.php?rest_route=\/wp\/v2\/posts\/39498\/revisions\/39500"}],"wp:featuredmedia":[{"embeddable":true,"href":"https:\/\/radiojehona.mk\/index.php?rest_route=\/wp\/v2\/media\/37326"}],"wp:attachment":[{"href":"https:\/\/radiojehona.mk\/index.php?rest_route=%2Fwp%2Fv2%2Fmedia&parent=39498"}],"wp:term":[{"taxonomy":"category","embeddable":true,"href":"https:\/\/radiojehona.mk\/index.php?rest_route=%2Fwp%2Fv2%2Fcategories&post=39498"},{"taxonomy":"post_tag","embeddable":true,"href":"https:\/\/radiojehona.mk\/index.php?rest_route=%2Fwp%2Fv2%2Ftags&post=39498"}],"curies":[{"name":"wp","href":"https:\/\/api.w.org\/{rel}","templated":true}]}}