{"id":39494,"date":"2024-12-28T09:57:03","date_gmt":"2024-12-28T09:57:03","guid":{"rendered":"https:\/\/radiojehona.com\/?p=39494"},"modified":"2024-12-28T09:57:03","modified_gmt":"2024-12-28T09:57:03","slug":"i-merret-pasaporta-ramiz-merkos-prokuroria-ka-nisur-nje-akuze-te-re-ndaj-tij","status":"publish","type":"post","link":"https:\/\/radiojehona.mk\/?p=39494","title":{"rendered":"I merret pasaporta Ramiz Merkos, prokuroria ka nisur nj\u00eb akuz\u00eb t\u00eb re ndaj tij"},"content":{"rendered":"\n<figure class=\"wp-block-image size-large\"><img fetchpriority=\"high\" decoding=\"async\" width=\"1024\" height=\"637\" src=\"https:\/\/radiojehona.com\/wp-content\/uploads\/2024\/12\/IMG_0107-1024x637.jpeg\" alt=\"\" class=\"wp-image-39495\" srcset=\"https:\/\/radiojehona.mk\/wp-content\/uploads\/2024\/12\/IMG_0107-1024x637.jpeg 1024w, https:\/\/radiojehona.mk\/wp-content\/uploads\/2024\/12\/IMG_0107-300x187.jpeg 300w, https:\/\/radiojehona.mk\/wp-content\/uploads\/2024\/12\/IMG_0107-768x478.jpeg 768w, https:\/\/radiojehona.mk\/wp-content\/uploads\/2024\/12\/IMG_0107.jpeg 1125w\" sizes=\"(max-width: 1024px) 100vw, 1024px\" \/><\/figure>\n\n\n\n<p>Prokuroria Themelore Publike e Strug\u00ebs ka dor\u00ebzuar n\u00eb Gjykat\u00ebn e Strug\u00ebs propozim p\u00ebr caktimin e mas\u00ebs s\u00eb sigurimit p\u00ebr nj\u00eb person, p\u00ebrkat\u00ebsisht konfiskimin e dokumenteve t\u00eb udh\u00ebtimit dhe t\u00eb tjera p\u00ebr kalimin e kufirit shtet\u00ebror dhe detyrimin p\u00ebr t\u2019u paraqitur her\u00eb pas here n\u00eb gjykat\u00eb.<\/p>\n\n\n\n<p>Masat u k\u00ebrkuan p\u00ebr shkak t\u00eb rrezikut p\u00ebr arratisje, duke pasur parasysh se gjat\u00eb dit\u00ebs s\u00eb djeshme SHPK Strug\u00eb ka ngritur nj\u00eb kall\u00ebzim tjet\u00ebr kund\u00ebr t\u00eb nj\u00ebjtit person.<\/p>\n\n\n\n<p>Prokurori publik kompetent pas kryerjes s\u00eb procedur\u00ebs paraprake ka paraqitur aktakuz\u00eb p\u00ebr shkak se i pandehuri si kryetar i Komun\u00ebs s\u00eb Strug\u00ebs n\u00eb mars t\u00eb k\u00ebtij viti ka vendosur nj\u00eb shenj\u00eb p\u00ebrkujtimore-pllak\u00eb n\u00eb hyrje t\u00eb nd\u00ebrtes\u00ebs s\u00eb komun\u00ebs, me t\u00eb cil\u00ebn ai ka nxitur urrejtje etnike dhe p\u00ebr\u00e7arje nd\u00ebrmjet banor\u00ebve t\u00eb Strug\u00ebs, me \u00e7ka ka kryer vep\u00ebr penale nga neni 27 i Ligjit p\u00ebr Memorialet. monumenteve dhe memorialeve.<\/p>\n\n\n\n<p>Duke pasur parasysh se i akuzuari \u00ebsht\u00eb zyrtar publik afatgjat\u00eb, ndaj t\u00eb cilit Prokuroria Publike e Strug\u00ebs n\u00eb nj\u00eb periudh\u00eb t\u00eb shkurt\u00ebr kohore gjat\u00eb k\u00ebtij viti ka ngritur disa kall\u00ebzime dhe tashm\u00eb \u00ebsht\u00eb duke zhvilluar tet\u00eb procedura gjyq\u00ebsore p\u00ebr veprat penale \u2013 Keqp\u00ebrdorim i pozit\u00ebs dhe autoritetit zyrtar si dhe Keqp\u00ebrdorim n\u00eb sh\u00ebrbim, prokurori publik kompetent ka vler\u00ebsuar se ekziston real rreziku q\u00eb i akuzuari t\u00eb p\u00ebrpiqet t\u2019i shmanget ndjekjes penale.<\/p>\n\n\n\n<p>Gjegj\u00ebsisht, me aktakuz\u00ebn e fundit t\u00eb ngritur dje, n\u00eb gjykatat themelore n\u00eb Strug\u00eb dhe Manastir kund\u00ebr t\u00eb akuzuarit do t\u00eb zhvillohen gjithsej n\u00ebnt\u00eb procedura aktive gjyq\u00ebsore dhe n\u00eb secil\u00ebn prej tyre ai do t\u00eb d\u00ebnohet me burgim.<\/p>\n\n\n\n<p>Gjykata Themelore e Strug\u00ebs e ka pranuar propozimin e prokuroris\u00eb dhe ka marr\u00eb aktvendim me t\u00eb cilin t\u00eb pandehurit ia ka konfiskuar pasaport\u00ebn dhe e ka obliguar q\u00eb nj\u00eb her\u00eb n\u00eb jav\u00eb t\u00eb paraqitet n\u00eb gjykat\u00eb.<\/p>\n","protected":false},"excerpt":{"rendered":"<p>Prokuroria Themelore Publike e Strug&euml;s ka dor&euml;zuar n&euml; Gjykat&euml;n e Strug&euml;s propozim p&euml;r caktimin e mas&euml;s s&euml; sigurimit p&euml;r nj&euml; person, p&euml;rkat&euml;sisht konfiskimin e dokumenteve t&euml; udh&euml;timit dhe t&euml; tjera p&euml;r kalimin e kufirit shtet&euml;ror dhe detyrimin p&euml;r t&rsquo;u paraqitur her&euml; pas here n&euml; gjykat&euml;. Masat u k&euml;rkuan p&euml;r shkak t&euml; rrezikut p&euml;r arratisje, duke [&hellip;]<\/p>\n","protected":false},"author":2,"featured_media":39495,"comment_status":"open","ping_status":"closed","sticky":false,"template":"","format":"standard","meta":{"_monsterinsights_skip_tracking":false,"_monsterinsights_sitenote_active":false,"_monsterinsights_sitenote_note":"","_monsterinsights_sitenote_category":0,"footnotes":""},"categories":[1],"tags":[],"class_list":["post-39494","post","type-post","status-publish","format-standard","has-post-thumbnail","hentry","category-vendi"],"_links":{"self":[{"href":"https:\/\/radiojehona.mk\/index.php?rest_route=\/wp\/v2\/posts\/39494","targetHints":{"allow":["GET"]}}],"collection":[{"href":"https:\/\/radiojehona.mk\/index.php?rest_route=\/wp\/v2\/posts"}],"about":[{"href":"https:\/\/radiojehona.mk\/index.php?rest_route=\/wp\/v2\/types\/post"}],"author":[{"embeddable":true,"href":"https:\/\/radiojehona.mk\/index.php?rest_route=\/wp\/v2\/users\/2"}],"replies":[{"embeddable":true,"href":"https:\/\/radiojehona.mk\/index.php?rest_route=%2Fwp%2Fv2%2Fcomments&post=39494"}],"version-history":[{"count":2,"href":"https:\/\/radiojehona.mk\/index.php?rest_route=\/wp\/v2\/posts\/39494\/revisions"}],"predecessor-version":[{"id":39497,"href":"https:\/\/radiojehona.mk\/index.php?rest_route=\/wp\/v2\/posts\/39494\/revisions\/39497"}],"wp:featuredmedia":[{"embeddable":true,"href":"https:\/\/radiojehona.mk\/index.php?rest_route=\/wp\/v2\/media\/39495"}],"wp:attachment":[{"href":"https:\/\/radiojehona.mk\/index.php?rest_route=%2Fwp%2Fv2%2Fmedia&parent=39494"}],"wp:term":[{"taxonomy":"category","embeddable":true,"href":"https:\/\/radiojehona.mk\/index.php?rest_route=%2Fwp%2Fv2%2Fcategories&post=39494"},{"taxonomy":"post_tag","embeddable":true,"href":"https:\/\/radiojehona.mk\/index.php?rest_route=%2Fwp%2Fv2%2Ftags&post=39494"}],"curies":[{"name":"wp","href":"https:\/\/api.w.org\/{rel}","templated":true}]}}