{"id":39469,"date":"2024-12-27T12:15:29","date_gmt":"2024-12-27T12:15:29","guid":{"rendered":"https:\/\/radiojehona.com\/?p=39469"},"modified":"2024-12-27T12:15:29","modified_gmt":"2024-12-27T12:15:29","slug":"jane-degjuar-shprehje-poshte-fashizmi-cfare-shkruhej-ne-dosjen-e-ish-sigurimit-te-shtetit-per-parashqevi-simakun-ka-terhequr-vemendjen","status":"publish","type":"post","link":"https:\/\/radiojehona.mk\/?p=39469","title":{"rendered":"\u201cJan\u00eb d\u00ebgjuar shprehje \u2018posht\u00eb fashizmi\u2019\u201d\/ \u00c7far\u00eb shkruhej n\u00eb dosjen e ish-Sigurimit t\u00eb Shtetit p\u00ebr Parashqevi Simakun: Ka t\u00ebrhequr v\u00ebmendjen\u2026"},"content":{"rendered":"\n<figure class=\"wp-block-image size-large\"><img fetchpriority=\"high\" decoding=\"async\" width=\"1024\" height=\"576\" src=\"https:\/\/radiojehona.com\/wp-content\/uploads\/2024\/12\/foto-1-4-1024x576.webp\" alt=\"\" class=\"wp-image-39470\" srcset=\"https:\/\/radiojehona.mk\/wp-content\/uploads\/2024\/12\/foto-1-4-1024x576.webp 1024w, https:\/\/radiojehona.mk\/wp-content\/uploads\/2024\/12\/foto-1-4-300x169.webp 300w, https:\/\/radiojehona.mk\/wp-content\/uploads\/2024\/12\/foto-1-4-768x432.webp 768w, https:\/\/radiojehona.mk\/wp-content\/uploads\/2024\/12\/foto-1-4-800x450.webp 800w, https:\/\/radiojehona.mk\/wp-content\/uploads\/2024\/12\/foto-1-4.webp 1280w\" sizes=\"(max-width: 1024px) 100vw, 1024px\" \/><\/figure>\n\n\n\n<p>Letra e ish-Sigurimit t\u00eb Shtetit ka zbuluar detaje t\u00eb reja n\u00eb lidhje me akuzat q\u00eb r\u00ebndonin mbi Parashqevi Simakun dhe p\u00ebr nj\u00eb grup t\u00eb rinjsh.<\/p>\n\n\n\n<p>Sipas tyre, gjat\u00eb periudh\u00ebs s\u00eb regjimit komunist, t\u00eb rinjt\u00eb kan\u00eb b\u00ebr\u00eb thirrje \u201cposht\u00eb fashizmi\u201d.<\/p>\n\n\n\n<p><strong>Letra e plot\u00eb:&nbsp;<\/strong><\/p>\n\n\n\n<p>Tiran\u00eb, m\u00eb 21.03.1989<\/p>\n\n\n\n<p>L\u00ebnda: P\u00ebr nj\u00eb ngjarje t\u00eb ndodhur n\u00eb qytetin e Student\u00ebve<\/p>\n\n\n\n<p>MATERIALI JU DERGUA SHOKUT RAMIZ<\/p>\n\n\n\n<p>M\u00eb dat\u00ebn 20.03.1989, mbas or\u00ebs 21.30 n\u00eb qytetin e Studentit \u00ebsht\u00eb krijuar nj\u00eb zhurm\u00eb me t\u00eb b\u00ebrtitura t\u00eb m\u00ebdha, e cila ka t\u00ebrhequr v\u00ebmendjen e opinionit.<\/p>\n\n\n\n<p>Rreth or\u00ebs 21.30 n\u00eb koh\u00ebn e mbarimit t\u00eb emisionit televiziv \u201cMuzika p\u00ebr t\u00eb gjith\u00eb\u201d n\u00eb godin\u00ebn nr. 7, tri vajza t\u00eb Institutit t\u00eb Lart\u00eb t\u00eb Arteve F.G, V.G dhe E.S kan\u00eb k\u00ebnduar me z\u00eb t\u00eb ul\u00ebt k\u00ebng\u00eb dashurie. K\u00ebto jane shoq\u00ebruar edhe nga djem e vajza t\u00eb godinave t\u00eb tjera me britma e me fjal\u00eb banale. M\u00eb t\u00eb theksuara kan\u00eb qen\u00eb n\u00eb godin\u00ebn e student\u00ebve t\u00eb Institutit t\u00eb Lart\u00eb t\u00eb Arteve. Vajzat e Institutit t\u00eb Lart\u00eb t\u00eb Arteve flisnin t\u00eb gjitha s\u00eb bashku \u201crroft\u00eb Instituti\u201d. \u201cArtet jan\u00eb bota\u201d dhe k\u00ebto shoq\u00ebroheshin me britma jo vet\u00ebm nga k\u00ebto dy godina, por edhe nga t\u00eb tjerat. Po k\u00ebshtu n\u00eb godin\u00ebn nr. 5, disa djem kishin dal\u00eb n\u00eb tarrac\u00eb, digjnin letra, shami, b\u00ebrtisnin \u201cViva Parashqevi, viva\u201d, duke k\u00ebrkuar ardhjen e Parashqevi Simakut.<\/p>\n\n\n\n<p>Jan\u00eb d\u00ebgjuar shprehje \u201cposht\u00eb fashizmi\u201d, pastaj k\u00ebndonin \u201cbashkoj shok\u00eb me ne n\u00eb \u00e7et\u00eb\u201d, \u201cEjani mblidhuni k\u00ebtu k\u00ebtu bashk\u00eb me me ne\u201d, etj.<\/p>\n\n\n\n<p>N\u00eb godin\u00ebn nr.3 n\u00eb katin e kat\u00ebrt ka dal\u00eb edhe nj\u00eb student i paidentifikuar lakuriq, t\u00eb cilit i b\u00ebhej drit\u00eb me letra q\u00eb digjeshin nga shok\u00ebt e tij.<\/p>\n\n\n\n<p>\u00c7\u00ebshtjen e kemi n\u00eb ndjekje.<\/p>\n\n\n\n<p>Ministri i Pun\u00ebve t\u00eb Brendshme<\/p>\n\n\n\n<p>Simon Stefani<\/p>\n\n\n\n<p><strong>Top Channel<\/strong><\/p>\n","protected":false},"excerpt":{"rendered":"<p>Letra e ish-Sigurimit t&euml; Shtetit ka zbuluar detaje t&euml; reja n&euml; lidhje me akuzat q&euml; r&euml;ndonin mbi Parashqevi Simakun dhe p&euml;r nj&euml; grup t&euml; rinjsh. Sipas tyre, gjat&euml; periudh&euml;s s&euml; regjimit komunist, t&euml; rinjt&euml; kan&euml; b&euml;r&euml; thirrje &ldquo;posht&euml; fashizmi&rdquo;. Letra e plot&euml;:&nbsp; Tiran&euml;, m&euml; 21.03.1989 L&euml;nda: P&euml;r nj&euml; ngjarje t&euml; ndodhur n&euml; qytetin e Student&euml;ve [&hellip;]<\/p>\n","protected":false},"author":2,"featured_media":39470,"comment_status":"open","ping_status":"closed","sticky":false,"template":"","format":"standard","meta":{"_monsterinsights_skip_tracking":false,"_monsterinsights_sitenote_active":false,"_monsterinsights_sitenote_note":"","_monsterinsights_sitenote_category":0,"footnotes":""},"categories":[7],"tags":[],"class_list":["post-39469","post","type-post","status-publish","format-standard","has-post-thumbnail","hentry","category-showbizz"],"_links":{"self":[{"href":"https:\/\/radiojehona.mk\/index.php?rest_route=\/wp\/v2\/posts\/39469","targetHints":{"allow":["GET"]}}],"collection":[{"href":"https:\/\/radiojehona.mk\/index.php?rest_route=\/wp\/v2\/posts"}],"about":[{"href":"https:\/\/radiojehona.mk\/index.php?rest_route=\/wp\/v2\/types\/post"}],"author":[{"embeddable":true,"href":"https:\/\/radiojehona.mk\/index.php?rest_route=\/wp\/v2\/users\/2"}],"replies":[{"embeddable":true,"href":"https:\/\/radiojehona.mk\/index.php?rest_route=%2Fwp%2Fv2%2Fcomments&post=39469"}],"version-history":[{"count":2,"href":"https:\/\/radiojehona.mk\/index.php?rest_route=\/wp\/v2\/posts\/39469\/revisions"}],"predecessor-version":[{"id":39472,"href":"https:\/\/radiojehona.mk\/index.php?rest_route=\/wp\/v2\/posts\/39469\/revisions\/39472"}],"wp:featuredmedia":[{"embeddable":true,"href":"https:\/\/radiojehona.mk\/index.php?rest_route=\/wp\/v2\/media\/39470"}],"wp:attachment":[{"href":"https:\/\/radiojehona.mk\/index.php?rest_route=%2Fwp%2Fv2%2Fmedia&parent=39469"}],"wp:term":[{"taxonomy":"category","embeddable":true,"href":"https:\/\/radiojehona.mk\/index.php?rest_route=%2Fwp%2Fv2%2Fcategories&post=39469"},{"taxonomy":"post_tag","embeddable":true,"href":"https:\/\/radiojehona.mk\/index.php?rest_route=%2Fwp%2Fv2%2Ftags&post=39469"}],"curies":[{"name":"wp","href":"https:\/\/api.w.org\/{rel}","templated":true}]}}