{"id":39461,"date":"2024-12-27T12:11:55","date_gmt":"2024-12-27T12:11:55","guid":{"rendered":"https:\/\/radiojehona.com\/?p=39461"},"modified":"2024-12-27T12:11:56","modified_gmt":"2024-12-27T12:11:56","slug":"ukraina-dergon-500-tone-miell-ne-siri","status":"publish","type":"post","link":"https:\/\/radiojehona.mk\/?p=39461","title":{"rendered":"Ukraina d\u00ebrgon 500 ton\u00eb miell n\u00eb Siri"},"content":{"rendered":"\n<figure class=\"wp-block-image size-full\"><img fetchpriority=\"high\" decoding=\"async\" width=\"820\" height=\"461\" src=\"https:\/\/radiojehona.com\/wp-content\/uploads\/2024\/12\/ukraina-1.jpg\" alt=\"\" class=\"wp-image-39462\" srcset=\"https:\/\/radiojehona.mk\/wp-content\/uploads\/2024\/12\/ukraina-1.jpg 820w, https:\/\/radiojehona.mk\/wp-content\/uploads\/2024\/12\/ukraina-1-300x169.jpg 300w, https:\/\/radiojehona.mk\/wp-content\/uploads\/2024\/12\/ukraina-1-768x432.jpg 768w, https:\/\/radiojehona.mk\/wp-content\/uploads\/2024\/12\/ukraina-1-800x450.jpg 800w\" sizes=\"(max-width: 820px) 100vw, 820px\" \/><\/figure>\n\n\n\n<p>Presidenti i Ukrain\u00ebs, Volodymyr Zelenskyy njoftoi se kan\u00eb d\u00ebrguar 500 ton\u00eb miell n\u00eb Siri, transmeton Anadolu.<\/p>\n\n\n\n<p>Zelenskyy n\u00eb postimin e tij n\u00eb X tha se k\u00ebt\u00eb ndihm\u00eb e b\u00ebjn\u00eb p\u00ebr t\u00eb mb\u00ebshtetur popullin sirian.<\/p>\n\n\n\n<p>\u201c500 ton\u00eb miell ukrainas u nis\u00ebn p\u00ebr n\u00eb Siri si pjes\u00eb e programit ton\u00eb t\u00eb ndihm\u00ebs humanitare \u2018Gruri nga Ukraina\u2019, t\u00eb cilin e kryejm\u00eb n\u00eb bashk\u00ebpunim me Programin Bot\u00ebror t\u00eb Ushqimit (WFP)\u201d, shkroi ai.<\/p>\n\n\n\n<p>Duke th\u00ebn\u00eb se ndihma humanitare do t\u2019u d\u00ebrgohet 167 mij\u00eb njer\u00ebzve nga 33.250 familje n\u00eb jav\u00ebt e ardhshme, Zelenskyy uroi siguri dhe stabilitet p\u00ebr Sirin\u00eb dhe popullin e saj.<\/p>\n","protected":false},"excerpt":{"rendered":"<p>Presidenti i Ukrain&euml;s, Volodymyr Zelenskyy njoftoi se kan&euml; d&euml;rguar 500 ton&euml; miell n&euml; Siri, transmeton Anadolu. Zelenskyy n&euml; postimin e tij n&euml; X tha se k&euml;t&euml; ndihm&euml; e b&euml;jn&euml; p&euml;r t&euml; mb&euml;shtetur popullin sirian. &ldquo;500 ton&euml; miell ukrainas u nis&euml;n p&euml;r n&euml; Siri si pjes&euml; e programit ton&euml; t&euml; ndihm&euml;s humanitare &lsquo;Gruri nga Ukraina&rsquo;, t&euml; [&hellip;]<\/p>\n","protected":false},"author":2,"featured_media":39462,"comment_status":"open","ping_status":"closed","sticky":false,"template":"","format":"standard","meta":{"_monsterinsights_skip_tracking":false,"_monsterinsights_sitenote_active":false,"_monsterinsights_sitenote_note":"","_monsterinsights_sitenote_category":0,"footnotes":""},"categories":[569],"tags":[],"class_list":["post-39461","post","type-post","status-publish","format-standard","has-post-thumbnail","hentry","category-bota"],"_links":{"self":[{"href":"https:\/\/radiojehona.mk\/index.php?rest_route=\/wp\/v2\/posts\/39461","targetHints":{"allow":["GET"]}}],"collection":[{"href":"https:\/\/radiojehona.mk\/index.php?rest_route=\/wp\/v2\/posts"}],"about":[{"href":"https:\/\/radiojehona.mk\/index.php?rest_route=\/wp\/v2\/types\/post"}],"author":[{"embeddable":true,"href":"https:\/\/radiojehona.mk\/index.php?rest_route=\/wp\/v2\/users\/2"}],"replies":[{"embeddable":true,"href":"https:\/\/radiojehona.mk\/index.php?rest_route=%2Fwp%2Fv2%2Fcomments&post=39461"}],"version-history":[{"count":2,"href":"https:\/\/radiojehona.mk\/index.php?rest_route=\/wp\/v2\/posts\/39461\/revisions"}],"predecessor-version":[{"id":39464,"href":"https:\/\/radiojehona.mk\/index.php?rest_route=\/wp\/v2\/posts\/39461\/revisions\/39464"}],"wp:featuredmedia":[{"embeddable":true,"href":"https:\/\/radiojehona.mk\/index.php?rest_route=\/wp\/v2\/media\/39462"}],"wp:attachment":[{"href":"https:\/\/radiojehona.mk\/index.php?rest_route=%2Fwp%2Fv2%2Fmedia&parent=39461"}],"wp:term":[{"taxonomy":"category","embeddable":true,"href":"https:\/\/radiojehona.mk\/index.php?rest_route=%2Fwp%2Fv2%2Fcategories&post=39461"},{"taxonomy":"post_tag","embeddable":true,"href":"https:\/\/radiojehona.mk\/index.php?rest_route=%2Fwp%2Fv2%2Ftags&post=39461"}],"curies":[{"name":"wp","href":"https:\/\/api.w.org\/{rel}","templated":true}]}}