{"id":39457,"date":"2024-12-27T12:10:02","date_gmt":"2024-12-27T12:10:02","guid":{"rendered":"https:\/\/radiojehona.com\/?p=39457"},"modified":"2024-12-27T12:10:02","modified_gmt":"2024-12-27T12:10:02","slug":"sulm-me-raketa-ne-aeroportin-e-tel-avivit-rebelet-houthi-marrin-pergjegjesine","status":"publish","type":"post","link":"https:\/\/radiojehona.mk\/?p=39457","title":{"rendered":"Sulm me raketa n\u00eb aeroportin e Tel Avivit, rebel\u00ebt Houthi marrin p\u00ebrgjegj\u00ebsin\u00eb"},"content":{"rendered":"\n<figure class=\"wp-block-image size-full\"><img fetchpriority=\"high\" decoding=\"async\" width=\"706\" height=\"492\" src=\"https:\/\/radiojehona.com\/wp-content\/uploads\/2024\/12\/Screenshot-2024-12-27-105156.png\" alt=\"\" class=\"wp-image-39458\" srcset=\"https:\/\/radiojehona.mk\/wp-content\/uploads\/2024\/12\/Screenshot-2024-12-27-105156.png 706w, https:\/\/radiojehona.mk\/wp-content\/uploads\/2024\/12\/Screenshot-2024-12-27-105156-300x209.png 300w\" sizes=\"(max-width: 706px) 100vw, 706px\" \/><\/figure>\n\n\n\n<p>Rebel\u00ebt Houthi kan\u00eb marr\u00eb p\u00ebrgjegj\u00ebsin\u00eb p\u00ebr nj\u00eb sulm me raketa n\u00eb aeroportin e Tel Avivit t\u00eb m\u00ebrkur\u00ebn, disa or\u00eb pas sulmeve izraelite n\u00eb zonat e kontrolluara nga rebel\u00ebt shiit\u00eb n\u00eb Jemen duke p\u00ebrfshir\u00eb Aeroportin Nd\u00ebrkomb\u00ebtar t\u00eb Sana\u2019a.<\/p>\n\n\n\n<p>L\u00ebvizja Houthi gjithashtu theksoi n\u00eb nj\u00eb deklarat\u00eb se ata sulmuan me dron\u00eb kund\u00ebr qytetit t\u00eb Tel Aviv, n\u00eb Izraelin qendror, dhe kund\u00ebr nj\u00eb anije n\u00eb Detin Arabik.<\/p>\n\n\n\n<blockquote class=\"twitter-tweet\"><p lang=\"en\" dir=\"ltr\">\ud83d\udea8JUST IN : \ud83c\uddfe\ud83c\uddea Yemeni Houthis claim they targeted \ud83c\uddee\ud83c\uddf1 Israel&#39;s Ben Gurion airport with HYPERSONIC MISSILE <br><br>Videos taken from social media <a href=\"https:\/\/t.co\/ykkmgAcwzi\">pic.twitter.com\/ykkmgAcwzi<\/a><\/p>&mdash; Sahil Kapare (@sahildkapare) <a href=\"https:\/\/twitter.com\/sahildkapare\/status\/1872572520681091228?ref_src=twsrc%5Etfw\">December 27, 2024<\/a><\/blockquote> <script async src=\"https:\/\/platform.twitter.com\/widgets.js\" charset=\"utf-8\"><\/script>\n","protected":false},"excerpt":{"rendered":"<p>Rebel&euml;t Houthi kan&euml; marr&euml; p&euml;rgjegj&euml;sin&euml; p&euml;r nj&euml; sulm me raketa n&euml; aeroportin e Tel Avivit t&euml; m&euml;rkur&euml;n, disa or&euml; pas sulmeve izraelite n&euml; zonat e kontrolluara nga rebel&euml;t shiit&euml; n&euml; Jemen duke p&euml;rfshir&euml; Aeroportin Nd&euml;rkomb&euml;tar t&euml; Sana&rsquo;a. L&euml;vizja Houthi gjithashtu theksoi n&euml; nj&euml; deklarat&euml; se ata sulmuan me dron&euml; kund&euml;r qytetit t&euml; Tel Aviv, n&euml; [&hellip;]<\/p>\n","protected":false},"author":2,"featured_media":39458,"comment_status":"open","ping_status":"closed","sticky":false,"template":"","format":"standard","meta":{"_monsterinsights_skip_tracking":false,"_monsterinsights_sitenote_active":false,"_monsterinsights_sitenote_note":"","_monsterinsights_sitenote_category":0,"footnotes":""},"categories":[569],"tags":[],"class_list":["post-39457","post","type-post","status-publish","format-standard","has-post-thumbnail","hentry","category-bota"],"_links":{"self":[{"href":"https:\/\/radiojehona.mk\/index.php?rest_route=\/wp\/v2\/posts\/39457","targetHints":{"allow":["GET"]}}],"collection":[{"href":"https:\/\/radiojehona.mk\/index.php?rest_route=\/wp\/v2\/posts"}],"about":[{"href":"https:\/\/radiojehona.mk\/index.php?rest_route=\/wp\/v2\/types\/post"}],"author":[{"embeddable":true,"href":"https:\/\/radiojehona.mk\/index.php?rest_route=\/wp\/v2\/users\/2"}],"replies":[{"embeddable":true,"href":"https:\/\/radiojehona.mk\/index.php?rest_route=%2Fwp%2Fv2%2Fcomments&post=39457"}],"version-history":[{"count":2,"href":"https:\/\/radiojehona.mk\/index.php?rest_route=\/wp\/v2\/posts\/39457\/revisions"}],"predecessor-version":[{"id":39460,"href":"https:\/\/radiojehona.mk\/index.php?rest_route=\/wp\/v2\/posts\/39457\/revisions\/39460"}],"wp:featuredmedia":[{"embeddable":true,"href":"https:\/\/radiojehona.mk\/index.php?rest_route=\/wp\/v2\/media\/39458"}],"wp:attachment":[{"href":"https:\/\/radiojehona.mk\/index.php?rest_route=%2Fwp%2Fv2%2Fmedia&parent=39457"}],"wp:term":[{"taxonomy":"category","embeddable":true,"href":"https:\/\/radiojehona.mk\/index.php?rest_route=%2Fwp%2Fv2%2Fcategories&post=39457"},{"taxonomy":"post_tag","embeddable":true,"href":"https:\/\/radiojehona.mk\/index.php?rest_route=%2Fwp%2Fv2%2Ftags&post=39457"}],"curies":[{"name":"wp","href":"https:\/\/api.w.org\/{rel}","templated":true}]}}