{"id":39450,"date":"2024-12-27T12:04:49","date_gmt":"2024-12-27T12:04:49","guid":{"rendered":"https:\/\/radiojehona.com\/?p=39450"},"modified":"2024-12-27T12:26:04","modified_gmt":"2024-12-27T12:26:04","slug":"presidenti-gjerman-shperndan-parlamentin-vendi-shkon-ne-zgjedhje","status":"publish","type":"post","link":"https:\/\/radiojehona.mk\/?p=39450","title":{"rendered":"Presidenti gjerman shp\u00ebrndan parlamentin, vendi shkon n\u00eb zgjedhje"},"content":{"rendered":"\n<figure class=\"wp-block-image size-full\"><img fetchpriority=\"high\" decoding=\"async\" width=\"780\" height=\"439\" src=\"https:\/\/radiojehona.com\/wp-content\/uploads\/2024\/12\/Screenshot_17-30-780x439-1.png\" alt=\"\" class=\"wp-image-39451\" srcset=\"https:\/\/radiojehona.mk\/wp-content\/uploads\/2024\/12\/Screenshot_17-30-780x439-1.png 780w, https:\/\/radiojehona.mk\/wp-content\/uploads\/2024\/12\/Screenshot_17-30-780x439-1-300x169.png 300w, https:\/\/radiojehona.mk\/wp-content\/uploads\/2024\/12\/Screenshot_17-30-780x439-1-768x432.png 768w\" sizes=\"(max-width: 780px) 100vw, 780px\" \/><\/figure>\n\n\n\n<p><strong>Presidentit gjerman Frank-Walter Steinmeier iu k\u00ebrkua t\u00eb shp\u00ebrndante parlamentin nga kancelari Olaf Scholz pas r\u00ebnies s\u00eb koalicionit qeveris\u00ebs t\u00eb liderit.<\/strong><\/p>\n\n\n\n<p>Tani Steinmeier njoftoi se ka r\u00ebn\u00eb dakord me k\u00ebrkes\u00ebn e kancelarit Olaf Scholz p\u00ebr t\u00eb shp\u00ebrndar\u00eb parlamentin dhe ka caktuar 23 shkurtin si dat\u00eb p\u00ebr zgjedhjet e reja.<\/p>\n\n\n\n<p>Steinmeier pritej gjer\u00ebsisht t\u2019i p\u00ebrmbahej dat\u00ebs p\u00ebr t\u00eb cil\u00ebn \u00ebsht\u00eb r\u00ebn\u00eb dakord paraprakisht nga Partia Social Demokrate e Gjermanis\u00eb (SPD) dhe partia kryesore opozitare e vendit, Unioni Kristian Demokrat (CDU), shkruan&nbsp;<a href=\"https:\/\/www.euronews.com\/my-europe\/2024\/12\/27\/german-president-dissolves-parliament-and-announces-february-election-date\" target=\"_blank\" rel=\"noreferrer noopener\"><strong>euronews<\/strong><\/a>, p\u00ebrcjell Telegrafi.<\/p>\n\n\n\n<p>Vendimi i presidentit do t\u00eb thot\u00eb se gjerman\u00ebt do t\u00eb drejtohen n\u00eb kutit\u00eb e votimit n\u00eb shkurt, nj\u00eb dat\u00eb e shtyr\u00eb n\u00eb m\u00ebnyr\u00eb t\u00eb konsiderueshme pasi qeveria e koalicionit qeveris\u00ebs u rr\u00ebzua, duke b\u00ebr\u00eb q\u00eb Scholz t\u00eb th\u00ebrras\u00eb nj\u00eb vot\u00ebbesimi t\u00eb pasuksesshme.<\/p>\n\n\n\n<p>Ndryshe, votimi i mosbesimit t\u00eb Bundestagut kund\u00ebr Scholzit t\u00eb h\u00ebn\u00ebn e kaluar ishte vet\u00ebm i gjashti q\u00eb nga viti 1949 n\u00eb vend.<\/p>\n\n\n\n<p>Nd\u00ebrsa kjo \u00ebsht\u00eb hera e tret\u00eb q\u00eb mandati elektoral i qeveris\u00eb gjermane p\u00ebrfundon para kohe.&nbsp;<strong>\/Telegrafi\/<\/strong><\/p>\n","protected":false},"excerpt":{"rendered":"<p>Presidentit gjerman Frank-Walter Steinmeier iu k&euml;rkua t&euml; shp&euml;rndante parlamentin nga kancelari Olaf Scholz pas r&euml;nies s&euml; koalicionit qeveris&euml;s t&euml; liderit. Tani Steinmeier njoftoi se ka r&euml;n&euml; dakord me k&euml;rkes&euml;n e kancelarit Olaf Scholz p&euml;r t&euml; shp&euml;rndar&euml; parlamentin dhe ka caktuar 23 shkurtin si dat&euml; p&euml;r zgjedhjet e reja. Steinmeier pritej gjer&euml;sisht t&rsquo;i p&euml;rmbahej dat&euml;s p&euml;r [&hellip;]<\/p>\n","protected":false},"author":2,"featured_media":39451,"comment_status":"open","ping_status":"closed","sticky":false,"template":"","format":"standard","meta":{"_monsterinsights_skip_tracking":false,"_monsterinsights_sitenote_active":false,"_monsterinsights_sitenote_note":"","_monsterinsights_sitenote_category":0,"footnotes":""},"categories":[569],"tags":[],"class_list":["post-39450","post","type-post","status-publish","format-standard","has-post-thumbnail","hentry","category-bota"],"_links":{"self":[{"href":"https:\/\/radiojehona.mk\/index.php?rest_route=\/wp\/v2\/posts\/39450","targetHints":{"allow":["GET"]}}],"collection":[{"href":"https:\/\/radiojehona.mk\/index.php?rest_route=\/wp\/v2\/posts"}],"about":[{"href":"https:\/\/radiojehona.mk\/index.php?rest_route=\/wp\/v2\/types\/post"}],"author":[{"embeddable":true,"href":"https:\/\/radiojehona.mk\/index.php?rest_route=\/wp\/v2\/users\/2"}],"replies":[{"embeddable":true,"href":"https:\/\/radiojehona.mk\/index.php?rest_route=%2Fwp%2Fv2%2Fcomments&post=39450"}],"version-history":[{"count":1,"href":"https:\/\/radiojehona.mk\/index.php?rest_route=\/wp\/v2\/posts\/39450\/revisions"}],"predecessor-version":[{"id":39452,"href":"https:\/\/radiojehona.mk\/index.php?rest_route=\/wp\/v2\/posts\/39450\/revisions\/39452"}],"wp:featuredmedia":[{"embeddable":true,"href":"https:\/\/radiojehona.mk\/index.php?rest_route=\/wp\/v2\/media\/39451"}],"wp:attachment":[{"href":"https:\/\/radiojehona.mk\/index.php?rest_route=%2Fwp%2Fv2%2Fmedia&parent=39450"}],"wp:term":[{"taxonomy":"category","embeddable":true,"href":"https:\/\/radiojehona.mk\/index.php?rest_route=%2Fwp%2Fv2%2Fcategories&post=39450"},{"taxonomy":"post_tag","embeddable":true,"href":"https:\/\/radiojehona.mk\/index.php?rest_route=%2Fwp%2Fv2%2Ftags&post=39450"}],"curies":[{"name":"wp","href":"https:\/\/api.w.org\/{rel}","templated":true}]}}