{"id":39447,"date":"2024-12-27T12:03:37","date_gmt":"2024-12-27T12:03:37","guid":{"rendered":"https:\/\/radiojehona.com\/?p=39447"},"modified":"2024-12-27T12:03:38","modified_gmt":"2024-12-27T12:03:38","slug":"fronti-evropian-deklarata-e-gashit-tradhti-ndaj-popullit-shqiptar","status":"publish","type":"post","link":"https:\/\/radiojehona.mk\/?p=39447","title":{"rendered":"Fronti Evropian: Deklarata e Gashit, tradhti ndaj popullit shqiptar"},"content":{"rendered":"\n<figure class=\"wp-block-image size-full\"><img fetchpriority=\"high\" decoding=\"async\" width=\"780\" height=\"470\" src=\"https:\/\/radiojehona.com\/wp-content\/uploads\/2024\/12\/Pasholli-780x470-1.png\" alt=\"\" class=\"wp-image-39448\" srcset=\"https:\/\/radiojehona.mk\/wp-content\/uploads\/2024\/12\/Pasholli-780x470-1.png 780w, https:\/\/radiojehona.mk\/wp-content\/uploads\/2024\/12\/Pasholli-780x470-1-300x181.png 300w, https:\/\/radiojehona.mk\/wp-content\/uploads\/2024\/12\/Pasholli-780x470-1-768x463.png 768w\" sizes=\"(max-width: 780px) 100vw, 780px\" \/><\/figure>\n\n\n\n<p>Trondit\u00ebse. K\u00ebshtu Fronti Europian e vler\u00ebson q\u00ebndrimin e kreut t\u00eb Kuvendit Afrim Gashi lidhur me statusin e gjuh\u00ebs shqipe n\u00eb Maqedoni. Arbana Pasholli nga opozita tha se kjo deklarat\u00eb e Gashit p\u00ebrb\u00ebn jo vet\u00ebm nj\u00eb g\u00ebnjesht\u00ebr por edhe nj\u00eb tradhti t\u00eb r\u00ebnd\u00eb ndaj popullit shqiptar. \/<strong>Alsat.mk<\/strong><\/p>\n","protected":false},"excerpt":{"rendered":"<p>Trondit&euml;se. K&euml;shtu Fronti Europian e vler&euml;son q&euml;ndrimin e kreut t&euml; Kuvendit Afrim Gashi lidhur me statusin e gjuh&euml;s shqipe n&euml; Maqedoni. Arbana Pasholli nga opozita tha se kjo deklarat&euml; e Gashit p&euml;rb&euml;n jo vet&euml;m nj&euml; g&euml;njesht&euml;r por edhe nj&euml; tradhti t&euml; r&euml;nd&euml; ndaj popullit shqiptar. \/Alsat.mk<\/p>\n","protected":false},"author":2,"featured_media":39448,"comment_status":"open","ping_status":"closed","sticky":false,"template":"","format":"standard","meta":{"_monsterinsights_skip_tracking":false,"_monsterinsights_sitenote_active":false,"_monsterinsights_sitenote_note":"","_monsterinsights_sitenote_category":0,"footnotes":""},"categories":[1],"tags":[],"class_list":["post-39447","post","type-post","status-publish","format-standard","has-post-thumbnail","hentry","category-vendi"],"_links":{"self":[{"href":"https:\/\/radiojehona.mk\/index.php?rest_route=\/wp\/v2\/posts\/39447","targetHints":{"allow":["GET"]}}],"collection":[{"href":"https:\/\/radiojehona.mk\/index.php?rest_route=\/wp\/v2\/posts"}],"about":[{"href":"https:\/\/radiojehona.mk\/index.php?rest_route=\/wp\/v2\/types\/post"}],"author":[{"embeddable":true,"href":"https:\/\/radiojehona.mk\/index.php?rest_route=\/wp\/v2\/users\/2"}],"replies":[{"embeddable":true,"href":"https:\/\/radiojehona.mk\/index.php?rest_route=%2Fwp%2Fv2%2Fcomments&post=39447"}],"version-history":[{"count":1,"href":"https:\/\/radiojehona.mk\/index.php?rest_route=\/wp\/v2\/posts\/39447\/revisions"}],"predecessor-version":[{"id":39449,"href":"https:\/\/radiojehona.mk\/index.php?rest_route=\/wp\/v2\/posts\/39447\/revisions\/39449"}],"wp:featuredmedia":[{"embeddable":true,"href":"https:\/\/radiojehona.mk\/index.php?rest_route=\/wp\/v2\/media\/39448"}],"wp:attachment":[{"href":"https:\/\/radiojehona.mk\/index.php?rest_route=%2Fwp%2Fv2%2Fmedia&parent=39447"}],"wp:term":[{"taxonomy":"category","embeddable":true,"href":"https:\/\/radiojehona.mk\/index.php?rest_route=%2Fwp%2Fv2%2Fcategories&post=39447"},{"taxonomy":"post_tag","embeddable":true,"href":"https:\/\/radiojehona.mk\/index.php?rest_route=%2Fwp%2Fv2%2Ftags&post=39447"}],"curies":[{"name":"wp","href":"https:\/\/api.w.org\/{rel}","templated":true}]}}