{"id":39443,"date":"2024-12-27T12:02:24","date_gmt":"2024-12-27T12:02:24","guid":{"rendered":"https:\/\/radiojehona.com\/?p=39443"},"modified":"2024-12-27T12:02:24","modified_gmt":"2024-12-27T12:02:24","slug":"personat-me-diabet-te-pakenaqur-buxheti-nuk-mund-te-mbuloje-nevojat-per-insuline","status":"publish","type":"post","link":"https:\/\/radiojehona.mk\/?p=39443","title":{"rendered":"Personat me diabet t\u00eb pak\u00ebnaqur: Buxheti nuk mund t\u00eb mbuloj\u00eb nevojat p\u00ebr insulin\u00eb"},"content":{"rendered":"\n<figure class=\"wp-block-image size-full\"><img fetchpriority=\"high\" decoding=\"async\" width=\"780\" height=\"439\" src=\"https:\/\/radiojehona.com\/wp-content\/uploads\/2024\/12\/Screenshot-2024-12-27-113210-780x439-1.png\" alt=\"\" class=\"wp-image-39444\" srcset=\"https:\/\/radiojehona.mk\/wp-content\/uploads\/2024\/12\/Screenshot-2024-12-27-113210-780x439-1.png 780w, https:\/\/radiojehona.mk\/wp-content\/uploads\/2024\/12\/Screenshot-2024-12-27-113210-780x439-1-300x169.png 300w, https:\/\/radiojehona.mk\/wp-content\/uploads\/2024\/12\/Screenshot-2024-12-27-113210-780x439-1-768x432.png 768w\" sizes=\"(max-width: 780px) 100vw, 780px\" \/><\/figure>\n\n\n\n<p>Lidhja e Shoqatave t\u00eb personave me diabet t\u00eb Maqedonis\u00eb s\u00eb Veriut (LSHPD), n\u00eb em\u00ebr t\u00eb 23 organizatave lokale t\u00eb personave me diabet dhe n\u00eb em\u00ebr t\u00eb mbi 130.000 personave me diabet n\u00eb vend, shprehu pak\u00ebnaq\u00ebsi t\u00eb madhe me buxhetin e miratuar n\u00eb pjes\u00ebn p\u00ebr programin e terapis\u00eb me insulin\u00eb.<\/p>\n\n\n\n<p>Ata thon\u00eb se shuma prej 860 milion\u00eb denar\u00eb ka mbetur e nj\u00ebjt\u00eb me vitin paraprak, nd\u00ebrsa n\u00eb vitin 2025 presin tender t\u00eb ri p\u00ebr blerjen e terapis\u00eb me insulin\u00eb p\u00ebr periudh\u00ebn 2025-2027, nd\u00ebrsa kan\u00eb marr\u00eb edhe premtime nga ministri i Sh\u00ebndet\u00ebsia, Arben Taravari, p\u00ebr rritjen e mbulimit t\u00eb numrit t\u00eb personave me diabet me aparatura moderne (sensor\u00eb CGM dhe pompa insuline) q\u00eb p\u00ebrballen me komplikacione t\u00eb r\u00ebnda sh\u00ebndet\u00ebsore nga kjo s\u00ebmundje kronike.<\/p>\n\n\n\n<p>\u201cMe k\u00ebt\u00eb lloj buxheti nuk do t\u00eb jet\u00eb e mundur t\u00eb mbulohen nevojat aktuale t\u00eb insulin\u00ebs dhe terapis\u00eb p\u00ebr njer\u00ebzit me diabet, pa p\u00ebrmendur ndihmat q\u00eb tashm\u00eb jan\u00eb n\u00eb dispozicion n\u00eb vendet p\u00ebrreth nesh \u2013 Bosnj\u00eb dhe Hercegovin\u00eb, Kosov\u00eb dhe Serbi. Sipas p\u00ebrvoj\u00ebs s\u00eb viteve t\u00eb kaluara, buxheti rritej nga viti n\u00eb vit dhe tani ka mbetur i nj\u00ebjt\u00eb me vitin paraprak, n\u00eb nj\u00eb vit kur e dim\u00eb se do t\u00eb nevojiten m\u00eb shum\u00eb mjete. Si Lidhje, ne jemi t\u00eb shqet\u00ebsuar se, p\u00ebr shkak t\u00eb munges\u00ebs s\u00eb buxhetit, cil\u00ebsia e insulin\u00ebs dhe terapis\u00eb p\u00ebr njer\u00ebzit me diabet do t\u00eb ulet, gj\u00eb q\u00eb do t\u00eb shkaktoj\u00eb pasoja tragjike p\u00ebr sh\u00ebndetin dhe jet\u00ebn e 8 p\u00ebr qind t\u00eb popullsis\u00eb. Trendi i shfaqjes s\u00eb diabetit n\u00eb vendin ton\u00eb \u00ebsht\u00eb n\u00eb rritje dhe fatkeq\u00ebsisht nuk po shohim q\u00eb qeveria t\u00eb ket\u00eb nj\u00eb p\u00ebrgjigje adekuate q\u00eb kjo popullat\u00eb t\u00eb ket\u00eb terapin\u00eb dhe mjetet m\u00eb moderne t\u00eb jet\u00ebs\u201d, thuhet n\u00eb letr\u00ebn e Lidhjes drejtuar Qeveris\u00eb dhe Ministris\u00eb s\u00eb Sh\u00ebndet\u00ebsis\u00eb.<\/p>\n\n\n\n<p>Ata apelojn\u00eb q\u00eb t\u00eb gjitha pal\u00ebt e p\u00ebrfshira gjat\u00eb projeksionit t\u00eb tenderit t\u00eb ri t\u00eb ndjekin nevojat dhe pritshm\u00ebrit\u00eb e tyre dhe t\u00eb ruajn\u00eb vazhdim\u00ebsin\u00eb n\u00eb trajtimin e pacient\u00ebve. Ata k\u00ebrkojn\u00eb q\u00eb t\u00eb p\u00ebrfshihen aktivisht n\u00eb t\u00eb gjitha hapat e p\u00ebrcaktimit t\u00eb tenderit t\u00eb ri \u2013 p\u00ebrfaq\u00ebsuesit e tyre t\u00eb jen\u00eb pjes\u00eb e mbledhjeve dhe pun\u00ebs s\u00eb Komisionit Komb\u00ebtar t\u00eb Diabetit.<\/p>\n\n\n\n<p>Ndryshe, si\u00e7 kan\u00eb paralajm\u00ebruar, Sindikata, shoqatat lokale, do t\u00eb organizojn\u00eb mbi 130 mij\u00eb persona me diabet dhe familjar\u00ebt e tyre, n\u00eb nj\u00eb demonstrim aktiv t\u00eb revolt\u00ebs para institucioneve sh\u00ebndet\u00ebsore dhe qeveritare n\u00eb vend.\/Telegrafi\/<\/p>\n","protected":false},"excerpt":{"rendered":"<p>Lidhja e Shoqatave t&euml; personave me diabet t&euml; Maqedonis&euml; s&euml; Veriut (LSHPD), n&euml; em&euml;r t&euml; 23 organizatave lokale t&euml; personave me diabet dhe n&euml; em&euml;r t&euml; mbi 130.000 personave me diabet n&euml; vend, shprehu pak&euml;naq&euml;si t&euml; madhe me buxhetin e miratuar n&euml; pjes&euml;n p&euml;r programin e terapis&euml; me insulin&euml;. Ata thon&euml; se shuma prej 860 [&hellip;]<\/p>\n","protected":false},"author":2,"featured_media":39444,"comment_status":"open","ping_status":"closed","sticky":false,"template":"","format":"standard","meta":{"_monsterinsights_skip_tracking":false,"_monsterinsights_sitenote_active":false,"_monsterinsights_sitenote_note":"","_monsterinsights_sitenote_category":0,"footnotes":""},"categories":[1],"tags":[],"class_list":["post-39443","post","type-post","status-publish","format-standard","has-post-thumbnail","hentry","category-vendi"],"_links":{"self":[{"href":"https:\/\/radiojehona.mk\/index.php?rest_route=\/wp\/v2\/posts\/39443","targetHints":{"allow":["GET"]}}],"collection":[{"href":"https:\/\/radiojehona.mk\/index.php?rest_route=\/wp\/v2\/posts"}],"about":[{"href":"https:\/\/radiojehona.mk\/index.php?rest_route=\/wp\/v2\/types\/post"}],"author":[{"embeddable":true,"href":"https:\/\/radiojehona.mk\/index.php?rest_route=\/wp\/v2\/users\/2"}],"replies":[{"embeddable":true,"href":"https:\/\/radiojehona.mk\/index.php?rest_route=%2Fwp%2Fv2%2Fcomments&post=39443"}],"version-history":[{"count":2,"href":"https:\/\/radiojehona.mk\/index.php?rest_route=\/wp\/v2\/posts\/39443\/revisions"}],"predecessor-version":[{"id":39446,"href":"https:\/\/radiojehona.mk\/index.php?rest_route=\/wp\/v2\/posts\/39443\/revisions\/39446"}],"wp:featuredmedia":[{"embeddable":true,"href":"https:\/\/radiojehona.mk\/index.php?rest_route=\/wp\/v2\/media\/39444"}],"wp:attachment":[{"href":"https:\/\/radiojehona.mk\/index.php?rest_route=%2Fwp%2Fv2%2Fmedia&parent=39443"}],"wp:term":[{"taxonomy":"category","embeddable":true,"href":"https:\/\/radiojehona.mk\/index.php?rest_route=%2Fwp%2Fv2%2Fcategories&post=39443"},{"taxonomy":"post_tag","embeddable":true,"href":"https:\/\/radiojehona.mk\/index.php?rest_route=%2Fwp%2Fv2%2Ftags&post=39443"}],"curies":[{"name":"wp","href":"https:\/\/api.w.org\/{rel}","templated":true}]}}