{"id":39439,"date":"2024-12-27T12:00:52","date_gmt":"2024-12-27T12:00:52","guid":{"rendered":"https:\/\/radiojehona.com\/?p=39439"},"modified":"2024-12-27T12:00:53","modified_gmt":"2024-12-27T12:00:53","slug":"arrestohet-per-shqetesim-te-klienteve-30-vjecari-ne-gostivar","status":"publish","type":"post","link":"https:\/\/radiojehona.mk\/?p=39439","title":{"rendered":"Arrestohet p\u00ebr shqet\u00ebsim t\u00eb klient\u00ebve 30 vje\u00e7ari n\u00eb Gostivar"},"content":{"rendered":"\n<figure class=\"wp-block-image size-full\"><img fetchpriority=\"high\" decoding=\"async\" width=\"612\" height=\"408\" src=\"https:\/\/radiojehona.com\/wp-content\/uploads\/2024\/12\/arrestim.jpg\" alt=\"\" class=\"wp-image-39440\" srcset=\"https:\/\/radiojehona.mk\/wp-content\/uploads\/2024\/12\/arrestim.jpg 612w, https:\/\/radiojehona.mk\/wp-content\/uploads\/2024\/12\/arrestim-300x200.jpg 300w\" sizes=\"(max-width: 612px) 100vw, 612px\" \/><figcaption class=\"wp-element-caption\">Arrested man in handcuffs with handcuffed hands behind back in prison<\/figcaption><\/figure>\n\n\n\n<p>Me dat\u00eb 26.12.2024 n\u00eb ora 17:35, zyrtar\u00eb policor\u00eb nga DPB Gostivar kan\u00eb arrestuar personin V.S. (30) nga Gostivari, i cili \u00ebsht\u00eb raportuar nga G.M. (45) nga Gostivari se ka hyr\u00eb n\u00eb berberin e tij n\u00eb rrug\u00ebn e ,,Ilindenit\u201d n\u00eb Gostivar dhe ka shqet\u00ebsuar t\u00eb pranishmit. Ai \u00ebsht\u00eb ndaluar n\u00eb stacionin policor\u00eb dhe ndaj tij do t\u00eb b\u00ebhet kall\u00ebzim p\u00ebrkat\u00ebs.TS<\/p>\n","protected":false},"excerpt":{"rendered":"<p>Me dat&euml; 26.12.2024 n&euml; ora 17:35, zyrtar&euml; policor&euml; nga DPB Gostivar kan&euml; arrestuar personin V.S. (30) nga Gostivari, i cili &euml;sht&euml; raportuar nga G.M. (45) nga Gostivari se ka hyr&euml; n&euml; berberin e tij n&euml; rrug&euml;n e ,,Ilindenit&rdquo; n&euml; Gostivar dhe ka shqet&euml;suar t&euml; pranishmit. Ai &euml;sht&euml; ndaluar n&euml; stacionin policor&euml; dhe ndaj tij do [&hellip;]<\/p>\n","protected":false},"author":2,"featured_media":39440,"comment_status":"open","ping_status":"closed","sticky":false,"template":"","format":"standard","meta":{"_monsterinsights_skip_tracking":false,"_monsterinsights_sitenote_active":false,"_monsterinsights_sitenote_note":"","_monsterinsights_sitenote_category":0,"footnotes":""},"categories":[1],"tags":[],"class_list":["post-39439","post","type-post","status-publish","format-standard","has-post-thumbnail","hentry","category-vendi"],"_links":{"self":[{"href":"https:\/\/radiojehona.mk\/index.php?rest_route=\/wp\/v2\/posts\/39439","targetHints":{"allow":["GET"]}}],"collection":[{"href":"https:\/\/radiojehona.mk\/index.php?rest_route=\/wp\/v2\/posts"}],"about":[{"href":"https:\/\/radiojehona.mk\/index.php?rest_route=\/wp\/v2\/types\/post"}],"author":[{"embeddable":true,"href":"https:\/\/radiojehona.mk\/index.php?rest_route=\/wp\/v2\/users\/2"}],"replies":[{"embeddable":true,"href":"https:\/\/radiojehona.mk\/index.php?rest_route=%2Fwp%2Fv2%2Fcomments&post=39439"}],"version-history":[{"count":2,"href":"https:\/\/radiojehona.mk\/index.php?rest_route=\/wp\/v2\/posts\/39439\/revisions"}],"predecessor-version":[{"id":39442,"href":"https:\/\/radiojehona.mk\/index.php?rest_route=\/wp\/v2\/posts\/39439\/revisions\/39442"}],"wp:featuredmedia":[{"embeddable":true,"href":"https:\/\/radiojehona.mk\/index.php?rest_route=\/wp\/v2\/media\/39440"}],"wp:attachment":[{"href":"https:\/\/radiojehona.mk\/index.php?rest_route=%2Fwp%2Fv2%2Fmedia&parent=39439"}],"wp:term":[{"taxonomy":"category","embeddable":true,"href":"https:\/\/radiojehona.mk\/index.php?rest_route=%2Fwp%2Fv2%2Fcategories&post=39439"},{"taxonomy":"post_tag","embeddable":true,"href":"https:\/\/radiojehona.mk\/index.php?rest_route=%2Fwp%2Fv2%2Ftags&post=39439"}],"curies":[{"name":"wp","href":"https:\/\/api.w.org\/{rel}","templated":true}]}}