{"id":39435,"date":"2024-12-27T11:59:56","date_gmt":"2024-12-27T11:59:56","guid":{"rendered":"https:\/\/radiojehona.com\/?p=39435"},"modified":"2024-12-27T11:59:56","modified_gmt":"2024-12-27T11:59:56","slug":"janevska-jane-mbyllur-pese-institute-shkencore-private","status":"publish","type":"post","link":"https:\/\/radiojehona.mk\/?p=39435","title":{"rendered":"Janevska: Jan\u00eb mbyllur pes\u00eb institute shkencore private"},"content":{"rendered":"\n<figure class=\"wp-block-image size-full\"><img fetchpriority=\"high\" decoding=\"async\" width=\"696\" height=\"392\" src=\"https:\/\/radiojehona.com\/wp-content\/uploads\/2024\/12\/vesna-janevska-e1730401340740-780x439-1-696x392-1.jpg\" alt=\"\" class=\"wp-image-39436\" srcset=\"https:\/\/radiojehona.mk\/wp-content\/uploads\/2024\/12\/vesna-janevska-e1730401340740-780x439-1-696x392-1.jpg 696w, https:\/\/radiojehona.mk\/wp-content\/uploads\/2024\/12\/vesna-janevska-e1730401340740-780x439-1-696x392-1-300x169.jpg 300w\" sizes=\"(max-width: 696px) 100vw, 696px\" \/><\/figure>\n\n\n\n<p>Jan\u00eb mbyllur 5 institute shkencore private dhe n\u00eb 15 jan\u00eb konstatuar parregullsi, t\u00eb cilat jan\u00eb detyruar t\u2019i heqin brenda nj\u00eb afati t\u00eb p\u00ebrshtatsh\u00ebm. Ky \u00ebsht\u00eb rezultati i kontrollit t\u00eb deritanishme nga komisioni n\u00eb Ministrin\u00eb e Arsimit dhe Shkenc\u00ebs i krijuar p\u00ebr k\u00ebt\u00eb q\u00ebllim, njoftoi ministrja e MASH, Vesna Janevska.<\/p>\n\n\n\n<p>\u201cDisa nga institutet jan\u00eb t\u00eb mbyllura p\u00ebr shkak t\u00eb pasivitetit, e disa p\u00ebr shkak se nuk i kan\u00eb plot\u00ebsuar kushtet ligjore p\u00ebr pun\u00eb. Aty ku kemi konstatuar parregullsi, \u00ebsht\u00eb l\u00ebn\u00eb afat q\u00eb t\u00eb hiqen p\u00ebr tre muaj. Por mendoj se numri i instituteve t\u00eb mbyllura shkencore do t\u00eb jet\u00eb m\u00eb i madh\u201d, tha Janevska p\u00ebr \u201cAlfa\u201d.<\/p>\n\n\n\n<p>Ministrja e Arsimit tha se vet\u00ebm dy institute i plot\u00ebsuan plot\u00ebsisht kushtet p\u00ebr pun\u00eb.<\/p>\n\n\n\n<p>Janevska theksoi se disa institucione arsimore nuk kan\u00eb dashur t\u00eb bashk\u00ebpunojn\u00eb gjat\u00eb inspektimeve, madje disa prej tyre kan\u00eb k\u00ebrc\u00ebnuar punonj\u00ebsit e ministris\u00eb.<\/p>\n\n\n\n<p>\u201cGjith\u00e7ka q\u00eb b\u00ebjm\u00eb \u00ebsht\u00eb p\u00ebr arsim m\u00eb t\u00eb mir\u00eb, asnj\u00eb aktivitet nuk ka sfond politik. Ky \u00ebsht\u00eb paralajm\u00ebrimi i par\u00eb p\u00ebr t\u00eb ndaluar k\u00ebrc\u00ebnimet, dhe e radh\u00ebs do t\u00eb jet\u00eb raportimi dhe n\u00eb baz\u00eb t\u00eb k\u00ebsaj do t\u00eb veprojn\u00eb institucionet tjera kompetente\u201d, shtoi Janevska.<\/p>\n","protected":false},"excerpt":{"rendered":"<p>Jan&euml; mbyllur 5 institute shkencore private dhe n&euml; 15 jan&euml; konstatuar parregullsi, t&euml; cilat jan&euml; detyruar t&rsquo;i heqin brenda nj&euml; afati t&euml; p&euml;rshtatsh&euml;m. Ky &euml;sht&euml; rezultati i kontrollit t&euml; deritanishme nga komisioni n&euml; Ministrin&euml; e Arsimit dhe Shkenc&euml;s i krijuar p&euml;r k&euml;t&euml; q&euml;llim, njoftoi ministrja e MASH, Vesna Janevska. &ldquo;Disa nga institutet jan&euml; t&euml; mbyllura [&hellip;]<\/p>\n","protected":false},"author":2,"featured_media":39436,"comment_status":"open","ping_status":"closed","sticky":false,"template":"","format":"standard","meta":{"_monsterinsights_skip_tracking":false,"_monsterinsights_sitenote_active":false,"_monsterinsights_sitenote_note":"","_monsterinsights_sitenote_category":0,"footnotes":""},"categories":[1],"tags":[],"class_list":["post-39435","post","type-post","status-publish","format-standard","has-post-thumbnail","hentry","category-vendi"],"_links":{"self":[{"href":"https:\/\/radiojehona.mk\/index.php?rest_route=\/wp\/v2\/posts\/39435","targetHints":{"allow":["GET"]}}],"collection":[{"href":"https:\/\/radiojehona.mk\/index.php?rest_route=\/wp\/v2\/posts"}],"about":[{"href":"https:\/\/radiojehona.mk\/index.php?rest_route=\/wp\/v2\/types\/post"}],"author":[{"embeddable":true,"href":"https:\/\/radiojehona.mk\/index.php?rest_route=\/wp\/v2\/users\/2"}],"replies":[{"embeddable":true,"href":"https:\/\/radiojehona.mk\/index.php?rest_route=%2Fwp%2Fv2%2Fcomments&post=39435"}],"version-history":[{"count":2,"href":"https:\/\/radiojehona.mk\/index.php?rest_route=\/wp\/v2\/posts\/39435\/revisions"}],"predecessor-version":[{"id":39438,"href":"https:\/\/radiojehona.mk\/index.php?rest_route=\/wp\/v2\/posts\/39435\/revisions\/39438"}],"wp:featuredmedia":[{"embeddable":true,"href":"https:\/\/radiojehona.mk\/index.php?rest_route=\/wp\/v2\/media\/39436"}],"wp:attachment":[{"href":"https:\/\/radiojehona.mk\/index.php?rest_route=%2Fwp%2Fv2%2Fmedia&parent=39435"}],"wp:term":[{"taxonomy":"category","embeddable":true,"href":"https:\/\/radiojehona.mk\/index.php?rest_route=%2Fwp%2Fv2%2Fcategories&post=39435"},{"taxonomy":"post_tag","embeddable":true,"href":"https:\/\/radiojehona.mk\/index.php?rest_route=%2Fwp%2Fv2%2Ftags&post=39435"}],"curies":[{"name":"wp","href":"https:\/\/api.w.org\/{rel}","templated":true}]}}