{"id":39432,"date":"2024-12-27T11:58:55","date_gmt":"2024-12-27T11:58:55","guid":{"rendered":"https:\/\/radiojehona.com\/?p=39432"},"modified":"2024-12-27T11:58:56","modified_gmt":"2024-12-27T11:58:56","slug":"shporta-e-vitit-te-ri-lsdm-tregtaret-grabisin-qytetaret-me-leje-te-mickoskit","status":"publish","type":"post","link":"https:\/\/radiojehona.mk\/?p=39432","title":{"rendered":"Shporta e Vitit t\u00eb Ri, LSDM: Tregtar\u00ebt grabisin qytetar\u00ebt me leje t\u00eb Mickoskit!"},"content":{"rendered":"\n<figure class=\"wp-block-image size-full\"><img fetchpriority=\"high\" decoding=\"async\" width=\"696\" height=\"414\" src=\"https:\/\/radiojehona.com\/wp-content\/uploads\/2024\/12\/mickoski-lsdm-696x414-1.png\" alt=\"\" class=\"wp-image-39433\" srcset=\"https:\/\/radiojehona.mk\/wp-content\/uploads\/2024\/12\/mickoski-lsdm-696x414-1.png 696w, https:\/\/radiojehona.mk\/wp-content\/uploads\/2024\/12\/mickoski-lsdm-696x414-1-300x178.png 300w\" sizes=\"(max-width: 696px) 100vw, 696px\" \/><\/figure>\n\n\n\n<p>Qytetar\u00ebt n\u00eb vend t\u00eb uljes s\u00eb \u00e7mimeve dhe produkteve m\u00eb t\u00eb lira, fjal\u00eb p\u00ebr fjal\u00eb grabiten nga tregtar\u00ebt e m\u00ebdhenj, dhe me miratimin e Mickoskit, i cili i lejoi ata t\u00eb p\u00ebrfitojn\u00eb shum\u00eb n\u00eb kurrizin e popullit, akuzojn\u00eb nga LSDM.<\/p>\n\n\n\n<p>Nga atje thon\u00eb se grabitja e qytetar\u00ebve nga tregtar\u00ebt e m\u00ebdhenj p\u00ebr disa milion\u00eb euro p\u00ebrmes t\u00eb ashtuquajturve \u201cshporta\u201d.<\/p>\n\n\n\n<p>\u201cNga xhepat e qytetar\u00ebve n\u00eb periudh\u00ebn e kaluar jan\u00eb nxjerr\u00eb disa milion\u00eb euro si rezultat i k\u00ebsaj politike t\u00eb keqe t\u00eb Mickoskit.<\/p>\n\n\n\n<p>D\u00ebmi nuk mund t\u00eb kompensohet dhe shum\u00eb familje do t\u00eb p\u00ebrballen me v\u00ebshtir\u00ebsi ekonomike pik\u00ebrisht n\u00eb prag t\u00eb festave t\u00eb Vitit t\u00eb Ri.<\/p>\n\n\n\n<p>Shtrohet pyetja, \u00e7far\u00eb i kishte borxh Mickoski tregtar\u00ebve, p\u00ebr t\u2019i lejuar ata t\u00eb grabisin qytetar\u00ebt n\u00eb m\u00ebnyr\u00eb t\u00eb pamatur?\u201d, pyesin nga LSDM.<\/p>\n","protected":false},"excerpt":{"rendered":"<p>Qytetar&euml;t n&euml; vend t&euml; uljes s&euml; &ccedil;mimeve dhe produkteve m&euml; t&euml; lira, fjal&euml; p&euml;r fjal&euml; grabiten nga tregtar&euml;t e m&euml;dhenj, dhe me miratimin e Mickoskit, i cili i lejoi ata t&euml; p&euml;rfitojn&euml; shum&euml; n&euml; kurrizin e popullit, akuzojn&euml; nga LSDM. Nga atje thon&euml; se grabitja e qytetar&euml;ve nga tregtar&euml;t e m&euml;dhenj p&euml;r disa milion&euml; euro [&hellip;]<\/p>\n","protected":false},"author":2,"featured_media":39433,"comment_status":"open","ping_status":"closed","sticky":false,"template":"","format":"standard","meta":{"_monsterinsights_skip_tracking":false,"_monsterinsights_sitenote_active":false,"_monsterinsights_sitenote_note":"","_monsterinsights_sitenote_category":0,"footnotes":""},"categories":[1],"tags":[],"class_list":["post-39432","post","type-post","status-publish","format-standard","has-post-thumbnail","hentry","category-vendi"],"_links":{"self":[{"href":"https:\/\/radiojehona.mk\/index.php?rest_route=\/wp\/v2\/posts\/39432","targetHints":{"allow":["GET"]}}],"collection":[{"href":"https:\/\/radiojehona.mk\/index.php?rest_route=\/wp\/v2\/posts"}],"about":[{"href":"https:\/\/radiojehona.mk\/index.php?rest_route=\/wp\/v2\/types\/post"}],"author":[{"embeddable":true,"href":"https:\/\/radiojehona.mk\/index.php?rest_route=\/wp\/v2\/users\/2"}],"replies":[{"embeddable":true,"href":"https:\/\/radiojehona.mk\/index.php?rest_route=%2Fwp%2Fv2%2Fcomments&post=39432"}],"version-history":[{"count":1,"href":"https:\/\/radiojehona.mk\/index.php?rest_route=\/wp\/v2\/posts\/39432\/revisions"}],"predecessor-version":[{"id":39434,"href":"https:\/\/radiojehona.mk\/index.php?rest_route=\/wp\/v2\/posts\/39432\/revisions\/39434"}],"wp:featuredmedia":[{"embeddable":true,"href":"https:\/\/radiojehona.mk\/index.php?rest_route=\/wp\/v2\/media\/39433"}],"wp:attachment":[{"href":"https:\/\/radiojehona.mk\/index.php?rest_route=%2Fwp%2Fv2%2Fmedia&parent=39432"}],"wp:term":[{"taxonomy":"category","embeddable":true,"href":"https:\/\/radiojehona.mk\/index.php?rest_route=%2Fwp%2Fv2%2Fcategories&post=39432"},{"taxonomy":"post_tag","embeddable":true,"href":"https:\/\/radiojehona.mk\/index.php?rest_route=%2Fwp%2Fv2%2Ftags&post=39432"}],"curies":[{"name":"wp","href":"https:\/\/api.w.org\/{rel}","templated":true}]}}