{"id":39422,"date":"2024-12-27T11:55:40","date_gmt":"2024-12-27T11:55:40","guid":{"rendered":"https:\/\/radiojehona.com\/?p=39422"},"modified":"2024-12-27T11:55:41","modified_gmt":"2024-12-27T11:55:41","slug":"shkarkohet-nga-detyra-milikije-halimi-drejtoresha-e-aeroporteve","status":"publish","type":"post","link":"https:\/\/radiojehona.mk\/?p=39422","title":{"rendered":"Shkarkohet nga detyra Milikije Halimi, Drejtoresha e \u201cAeroporteve\u201d"},"content":{"rendered":"\n<figure class=\"wp-block-image size-full\"><img fetchpriority=\"high\" decoding=\"async\" width=\"651\" height=\"374\" src=\"https:\/\/radiojehona.com\/wp-content\/uploads\/2024\/12\/Screenshot-2024-12-27-115205.png\" alt=\"\" class=\"wp-image-39423\" srcset=\"https:\/\/radiojehona.mk\/wp-content\/uploads\/2024\/12\/Screenshot-2024-12-27-115205.png 651w, https:\/\/radiojehona.mk\/wp-content\/uploads\/2024\/12\/Screenshot-2024-12-27-115205-300x172.png 300w\" sizes=\"(max-width: 651px) 100vw, 651px\" \/><\/figure>\n\n\n\n<p>Milikije Halimi \u00ebsht\u00eb shkarkuar nga pozita e drejtoresh\u00ebs s\u00eb shoq\u00ebris\u00eb aksionare shtet\u00ebrore \u201cAeroportet\u201d. Drejtor i ri \u00ebsht\u00eb em\u00ebruar Igor Trajanovski.<\/p>\n\n\n\n<p>Milikije Halimi ishte ish-kryetare e Komun\u00ebs s\u00eb Hara\u00e7in\u00ebs nga radh\u00ebt e LSDM-s\u00eb, nd\u00ebrsa n\u00eb fund t\u00eb tetorit t\u00eb vitit t\u00eb kaluar u em\u00ebrua drejtoresh\u00eb e re ekzekutive e nd\u00ebrmarrjes shtet\u00ebrore \u201cAeroportet e RMV-s\u00eb\u201d.<\/p>\n","protected":false},"excerpt":{"rendered":"<p>Milikije Halimi &euml;sht&euml; shkarkuar nga pozita e drejtoresh&euml;s s&euml; shoq&euml;ris&euml; aksionare shtet&euml;rore &ldquo;Aeroportet&rdquo;. Drejtor i ri &euml;sht&euml; em&euml;ruar Igor Trajanovski. Milikije Halimi ishte ish-kryetare e Komun&euml;s s&euml; Hara&ccedil;in&euml;s nga radh&euml;t e LSDM-s&euml;, nd&euml;rsa n&euml; fund t&euml; tetorit t&euml; vitit t&euml; kaluar u em&euml;rua drejtoresh&euml; e re ekzekutive e nd&euml;rmarrjes shtet&euml;rore &ldquo;Aeroportet e RMV-s&euml;&rdquo;.<\/p>\n","protected":false},"author":2,"featured_media":39423,"comment_status":"open","ping_status":"closed","sticky":false,"template":"","format":"standard","meta":{"_monsterinsights_skip_tracking":false,"_monsterinsights_sitenote_active":false,"_monsterinsights_sitenote_note":"","_monsterinsights_sitenote_category":0,"footnotes":""},"categories":[1],"tags":[],"class_list":["post-39422","post","type-post","status-publish","format-standard","has-post-thumbnail","hentry","category-vendi"],"_links":{"self":[{"href":"https:\/\/radiojehona.mk\/index.php?rest_route=\/wp\/v2\/posts\/39422","targetHints":{"allow":["GET"]}}],"collection":[{"href":"https:\/\/radiojehona.mk\/index.php?rest_route=\/wp\/v2\/posts"}],"about":[{"href":"https:\/\/radiojehona.mk\/index.php?rest_route=\/wp\/v2\/types\/post"}],"author":[{"embeddable":true,"href":"https:\/\/radiojehona.mk\/index.php?rest_route=\/wp\/v2\/users\/2"}],"replies":[{"embeddable":true,"href":"https:\/\/radiojehona.mk\/index.php?rest_route=%2Fwp%2Fv2%2Fcomments&post=39422"}],"version-history":[{"count":1,"href":"https:\/\/radiojehona.mk\/index.php?rest_route=\/wp\/v2\/posts\/39422\/revisions"}],"predecessor-version":[{"id":39424,"href":"https:\/\/radiojehona.mk\/index.php?rest_route=\/wp\/v2\/posts\/39422\/revisions\/39424"}],"wp:featuredmedia":[{"embeddable":true,"href":"https:\/\/radiojehona.mk\/index.php?rest_route=\/wp\/v2\/media\/39423"}],"wp:attachment":[{"href":"https:\/\/radiojehona.mk\/index.php?rest_route=%2Fwp%2Fv2%2Fmedia&parent=39422"}],"wp:term":[{"taxonomy":"category","embeddable":true,"href":"https:\/\/radiojehona.mk\/index.php?rest_route=%2Fwp%2Fv2%2Fcategories&post=39422"},{"taxonomy":"post_tag","embeddable":true,"href":"https:\/\/radiojehona.mk\/index.php?rest_route=%2Fwp%2Fv2%2Ftags&post=39422"}],"curies":[{"name":"wp","href":"https:\/\/api.w.org\/{rel}","templated":true}]}}