{"id":39419,"date":"2024-12-27T11:54:20","date_gmt":"2024-12-27T11:54:20","guid":{"rendered":"https:\/\/radiojehona.com\/?p=39419"},"modified":"2024-12-27T11:54:21","modified_gmt":"2024-12-27T11:54:21","slug":"vlen-qeveria-eshte-fuqishem-e-perkushtuar-ne-agjenden-e-be-se","status":"publish","type":"post","link":"https:\/\/radiojehona.mk\/?p=39419","title":{"rendered":"VLEN: Qeveria \u00ebsht\u00eb fuqish\u00ebm e p\u00ebrkushtuar n\u00eb agjend\u00ebn e BE-s\u00eb"},"content":{"rendered":"\n<figure class=\"wp-block-image size-full\"><img fetchpriority=\"high\" decoding=\"async\" width=\"800\" height=\"497\" src=\"https:\/\/radiojehona.com\/wp-content\/uploads\/2024\/12\/vlen-.jpeg\" alt=\"\" class=\"wp-image-39420\" srcset=\"https:\/\/radiojehona.mk\/wp-content\/uploads\/2024\/12\/vlen-.jpeg 800w, https:\/\/radiojehona.mk\/wp-content\/uploads\/2024\/12\/vlen--300x186.jpeg 300w, https:\/\/radiojehona.mk\/wp-content\/uploads\/2024\/12\/vlen--768x477.jpeg 768w\" sizes=\"(max-width: 800px) 100vw, 800px\" \/><\/figure>\n\n\n\n<p><strong>Koalicioni VLEN p\u00ebrmes nj\u00eb komunikate njofton opinionin se Qeveria e re, \u00ebsht\u00eb thell\u00ebsisht e p\u00ebrkushtuar ndaj agjend\u00ebs evropiane dhe se ajo po punon n\u00eb m\u00ebnyr\u00eb aktive p\u00ebr t\u00eb p\u00ebrmbushur me dinjitet kushtet q\u00eb do t\u00eb dinamizojn\u00eb procesin drejt an\u00ebtar\u00ebsimit t\u00eb plot\u00eb n\u00eb Bashkimin Evropian.<\/strong><\/p>\n\n\n\n<p>\u201cQeveria e re, n\u00eb t\u00eb cil\u00ebn koalicioni VLEN \u00ebsht\u00eb nj\u00eb partner i p\u00ebrgjegjsh\u00ebm dhe aktiv, \u00ebsht\u00eb thell\u00ebsisht e p\u00ebrkushtuar ndaj agjend\u00ebs evropiane. Ajo po punon n\u00eb m\u00ebnyr\u00eb aktive p\u00ebr t\u00eb p\u00ebrmbushur me dinjitet kushtet q\u00eb do t\u00eb dinamizojn\u00eb procesin drejt an\u00ebtar\u00ebsimit t\u00eb plot\u00eb n\u00eb Bashkimin Evropian.<br>Ne, ministrat e VLEN-it, gjithmon\u00eb kemi demonstruar p\u00ebrkushtimin m\u00eb t\u00eb lart\u00eb ndaj integrimeve evropiane, jo vet\u00ebm me fjal\u00eb, por edhe me vepra. Afati gjasht\u00ebmujor nuk \u00ebsht\u00eb vet\u00ebm nj\u00eb korniz\u00eb kohore, por nj\u00eb obligim q\u00eb e kuptojm\u00eb dhe e respektojm\u00eb. Megjithat\u00eb, \u00ebsht\u00eb e nevojshme t\u00eb respektohen logjika politike dhe realiteti. A ka shumic\u00eb prej 2\/3 n\u00eb Kuvend pa deputet\u00ebt e VMRO-DPMNE-s\u00eb? Jo, nuk ka. Pik\u00ebrisht k\u00ebtu q\u00ebndron thelbi: integrimi k\u00ebrkon bashk\u00ebpunim, maturi dhe p\u00ebrgjegj\u00ebsi nga t\u00eb gjitha subjektet politike. VLEN nuk i harron obligimet, por rikujtojm\u00eb se zgjidhja nuk mund t\u00eb jet\u00eb e nj\u00ebanshme. Qeveria ka plan t\u00eb qart\u00eb, strategji dhe hapa veprues q\u00eb nd\u00ebrmerren \u00e7do dit\u00eb. Mb\u00ebshtetja jon\u00eb, jo vet\u00ebm tani, por edhe n\u00eb t\u00eb kaluar\u00ebn, ka shp\u00ebtuar procese ky\u00e7e. Me nj\u00eb hap t\u00eb till\u00eb siguruam fillimin e negociatave me BE-n\u00eb. Apelojm\u00eb tek t\u00eb gjith\u00eb faktor\u00ebt shoq\u00ebror\u00eb, p\u00ebrfshir\u00eb partit\u00eb politike, t\u00eb ndalojn\u00eb manipulimet e politike n\u00eb kurriz t\u00eb integrimeve evropiane. E ardhmja evropiane \u00ebsht\u00eb mbi politik\u00ebn e kalkulimeve t\u00eb p\u00ebrditshme\u201d, thuhet n\u00eb njoftimin e VLEN-it.<\/p>\n","protected":false},"excerpt":{"rendered":"<p>Koalicioni VLEN p&euml;rmes nj&euml; komunikate njofton opinionin se Qeveria e re, &euml;sht&euml; thell&euml;sisht e p&euml;rkushtuar ndaj agjend&euml;s evropiane dhe se ajo po punon n&euml; m&euml;nyr&euml; aktive p&euml;r t&euml; p&euml;rmbushur me dinjitet kushtet q&euml; do t&euml; dinamizojn&euml; procesin drejt an&euml;tar&euml;simit t&euml; plot&euml; n&euml; Bashkimin Evropian. &ldquo;Qeveria e re, n&euml; t&euml; cil&euml;n koalicioni VLEN &euml;sht&euml; nj&euml; partner [&hellip;]<\/p>\n","protected":false},"author":2,"featured_media":39420,"comment_status":"open","ping_status":"closed","sticky":false,"template":"","format":"standard","meta":{"_monsterinsights_skip_tracking":false,"_monsterinsights_sitenote_active":false,"_monsterinsights_sitenote_note":"","_monsterinsights_sitenote_category":0,"footnotes":""},"categories":[1],"tags":[],"class_list":["post-39419","post","type-post","status-publish","format-standard","has-post-thumbnail","hentry","category-vendi"],"_links":{"self":[{"href":"https:\/\/radiojehona.mk\/index.php?rest_route=\/wp\/v2\/posts\/39419","targetHints":{"allow":["GET"]}}],"collection":[{"href":"https:\/\/radiojehona.mk\/index.php?rest_route=\/wp\/v2\/posts"}],"about":[{"href":"https:\/\/radiojehona.mk\/index.php?rest_route=\/wp\/v2\/types\/post"}],"author":[{"embeddable":true,"href":"https:\/\/radiojehona.mk\/index.php?rest_route=\/wp\/v2\/users\/2"}],"replies":[{"embeddable":true,"href":"https:\/\/radiojehona.mk\/index.php?rest_route=%2Fwp%2Fv2%2Fcomments&post=39419"}],"version-history":[{"count":1,"href":"https:\/\/radiojehona.mk\/index.php?rest_route=\/wp\/v2\/posts\/39419\/revisions"}],"predecessor-version":[{"id":39421,"href":"https:\/\/radiojehona.mk\/index.php?rest_route=\/wp\/v2\/posts\/39419\/revisions\/39421"}],"wp:featuredmedia":[{"embeddable":true,"href":"https:\/\/radiojehona.mk\/index.php?rest_route=\/wp\/v2\/media\/39420"}],"wp:attachment":[{"href":"https:\/\/radiojehona.mk\/index.php?rest_route=%2Fwp%2Fv2%2Fmedia&parent=39419"}],"wp:term":[{"taxonomy":"category","embeddable":true,"href":"https:\/\/radiojehona.mk\/index.php?rest_route=%2Fwp%2Fv2%2Fcategories&post=39419"},{"taxonomy":"post_tag","embeddable":true,"href":"https:\/\/radiojehona.mk\/index.php?rest_route=%2Fwp%2Fv2%2Ftags&post=39419"}],"curies":[{"name":"wp","href":"https:\/\/api.w.org\/{rel}","templated":true}]}}