{"id":39415,"date":"2024-12-27T11:52:37","date_gmt":"2024-12-27T11:52:37","guid":{"rendered":"https:\/\/radiojehona.com\/?p=39415"},"modified":"2024-12-27T11:52:37","modified_gmt":"2024-12-27T11:52:37","slug":"kasami-buxheti-i-tetoves-do-te-jete-afer-50-milion-euro-me-i-madhi-ne-histori","status":"publish","type":"post","link":"https:\/\/radiojehona.mk\/?p=39415","title":{"rendered":"Kasami: Buxheti i Tetov\u00ebs do t\u00eb jet\u00eb af\u00ebr 50 milion euro \u2013 m\u00eb i madhi n\u00eb histori!"},"content":{"rendered":"\n<figure class=\"wp-block-image size-full\"><img fetchpriority=\"high\" decoding=\"async\" width=\"696\" height=\"484\" src=\"https:\/\/radiojehona.com\/wp-content\/uploads\/2024\/12\/bilalkkk-696x484-1.jpg\" alt=\"\" class=\"wp-image-39416\" srcset=\"https:\/\/radiojehona.mk\/wp-content\/uploads\/2024\/12\/bilalkkk-696x484-1.jpg 696w, https:\/\/radiojehona.mk\/wp-content\/uploads\/2024\/12\/bilalkkk-696x484-1-300x209.jpg 300w\" sizes=\"(max-width: 696px) 100vw, 696px\" \/><\/figure>\n\n\n\n<p>Kreu i Komun\u00ebs Tetov\u00ebs, Bilall Kasami sot ka mbajtur debatin publik me sektorin civil n\u00eb lidhje me p\u00ebrpilimin e buxhetit p\u00ebr vitin 2025. Sipas Kasamit, buxheti i Komun\u00ebs s\u00eb Tetov\u00ebs do t\u00eb jet\u00eb af\u00ebr 50 milion euro, q\u00eb do t\u00eb thot\u00eb do jet\u00eb m\u00eb i madhi n\u00eb historin e k\u00ebsaj Komune. Gjithashtu, kreu i Tetov\u00ebs deklaroj se p\u00ebr her\u00eb t\u00eb par\u00eb do t\u00eb ket\u00eb 16 milion euro vet\u00ebm p\u00ebr investime\u00a0kapitale.<\/p>\n","protected":false},"excerpt":{"rendered":"<p>Kreu i Komun&euml;s Tetov&euml;s, Bilall Kasami sot ka mbajtur debatin publik me sektorin civil n&euml; lidhje me p&euml;rpilimin e buxhetit p&euml;r vitin 2025. Sipas Kasamit, buxheti i Komun&euml;s s&euml; Tetov&euml;s do t&euml; jet&euml; af&euml;r 50 milion euro, q&euml; do t&euml; thot&euml; do jet&euml; m&euml; i madhi n&euml; historin e k&euml;saj Komune. Gjithashtu, kreu i Tetov&euml;s [&hellip;]<\/p>\n","protected":false},"author":2,"featured_media":39416,"comment_status":"open","ping_status":"closed","sticky":false,"template":"","format":"standard","meta":{"_monsterinsights_skip_tracking":false,"_monsterinsights_sitenote_active":false,"_monsterinsights_sitenote_note":"","_monsterinsights_sitenote_category":0,"footnotes":""},"categories":[1],"tags":[],"class_list":["post-39415","post","type-post","status-publish","format-standard","has-post-thumbnail","hentry","category-vendi"],"_links":{"self":[{"href":"https:\/\/radiojehona.mk\/index.php?rest_route=\/wp\/v2\/posts\/39415","targetHints":{"allow":["GET"]}}],"collection":[{"href":"https:\/\/radiojehona.mk\/index.php?rest_route=\/wp\/v2\/posts"}],"about":[{"href":"https:\/\/radiojehona.mk\/index.php?rest_route=\/wp\/v2\/types\/post"}],"author":[{"embeddable":true,"href":"https:\/\/radiojehona.mk\/index.php?rest_route=\/wp\/v2\/users\/2"}],"replies":[{"embeddable":true,"href":"https:\/\/radiojehona.mk\/index.php?rest_route=%2Fwp%2Fv2%2Fcomments&post=39415"}],"version-history":[{"count":2,"href":"https:\/\/radiojehona.mk\/index.php?rest_route=\/wp\/v2\/posts\/39415\/revisions"}],"predecessor-version":[{"id":39418,"href":"https:\/\/radiojehona.mk\/index.php?rest_route=\/wp\/v2\/posts\/39415\/revisions\/39418"}],"wp:featuredmedia":[{"embeddable":true,"href":"https:\/\/radiojehona.mk\/index.php?rest_route=\/wp\/v2\/media\/39416"}],"wp:attachment":[{"href":"https:\/\/radiojehona.mk\/index.php?rest_route=%2Fwp%2Fv2%2Fmedia&parent=39415"}],"wp:term":[{"taxonomy":"category","embeddable":true,"href":"https:\/\/radiojehona.mk\/index.php?rest_route=%2Fwp%2Fv2%2Fcategories&post=39415"},{"taxonomy":"post_tag","embeddable":true,"href":"https:\/\/radiojehona.mk\/index.php?rest_route=%2Fwp%2Fv2%2Ftags&post=39415"}],"curies":[{"name":"wp","href":"https:\/\/api.w.org\/{rel}","templated":true}]}}