{"id":39411,"date":"2024-12-27T11:51:46","date_gmt":"2024-12-27T11:51:46","guid":{"rendered":"https:\/\/radiojehona.com\/?p=39411"},"modified":"2024-12-27T11:51:47","modified_gmt":"2024-12-27T11:51:47","slug":"taravari-gjuha-shqipe-nuk-eshte-e-barabarte-me-maqedonishten","status":"publish","type":"post","link":"https:\/\/radiojehona.mk\/?p=39411","title":{"rendered":"Taravari: Gjuha shqipe nuk \u00ebsht\u00eb e barabart\u00eb me maqedonishten"},"content":{"rendered":"\n<figure class=\"wp-block-image size-full\"><img fetchpriority=\"high\" decoding=\"async\" width=\"780\" height=\"470\" src=\"https:\/\/radiojehona.com\/wp-content\/uploads\/2024\/12\/Tarvari_27_23-780x470-1.png\" alt=\"\" class=\"wp-image-39412\" srcset=\"https:\/\/radiojehona.mk\/wp-content\/uploads\/2024\/12\/Tarvari_27_23-780x470-1.png 780w, https:\/\/radiojehona.mk\/wp-content\/uploads\/2024\/12\/Tarvari_27_23-780x470-1-300x181.png 300w, https:\/\/radiojehona.mk\/wp-content\/uploads\/2024\/12\/Tarvari_27_23-780x470-1-768x463.png 768w\" sizes=\"(max-width: 780px) 100vw, 780px\" \/><\/figure>\n\n\n\n<p>\u201cNe mund t\u00eb kemi loj\u00eb fjal\u00ebsh sa t\u00eb duam, gjuha shqipe nuk \u00ebsht\u00eb e barabart\u00eb me gjuh\u00ebn maqedonase. K\u00ebtu pajtohemi t\u00eb gjith\u00eb. Se para vitit 1991, para pavar\u00ebsimit t\u00eb Maqedonis\u00eb gjuh\u00eb zyrtare sipas Kushtetut\u00ebs kan\u00eb qen\u00eb gjuha maqedonase, shqipe dhe turke. Tash \u00ebsht\u00eb gjuha maqedonase dhe 20% e popullat\u00ebs e cila e flet gjuh\u00ebn shqipe. K\u00ebshtu q\u00eb, ne duhet t\u00eb punojm\u00eb n\u00eb k\u00ebt\u00eb drejtim dhe a do t\u00eb themi se a \u00ebsht\u00eb zyrtare, nuk \u00ebsht\u00eb zyrtare, \u00ebsht\u00eb k\u00ebshtu ose ashtu, nuk \u00ebsht\u00eb e barabart\u00eb. Dometh\u00ebn\u00eb ne duhet t\u00eb insistojm\u00eb edhe mundohemi q\u00eb gjuha shqipe t\u00eb q\u00ebndron si fjal\u00eb, jo si p\u00ebrqindje, por si fjal\u00eb n\u00eb Kushtetut\u00ebn e Republik\u00ebs s\u00eb Maqedonis\u00eb s\u00eb Veriut. P\u00ebr ndryshimet kushtetues \u00ebsht\u00eb e v\u00ebrtet\u00eb se ne e kemi th\u00ebn\u00eb dhe nj\u00eb prej kat\u00ebr kushteve kryesore kur kemi negociuar me VMRO-n\u00eb ka qen\u00eb eurointegrimi, pra rruga evropiane e Maqedonis\u00eb. Mua m\u00eb g\u00ebzon q\u00eb presidentja, pardje n\u00eb Parlament disa her\u00eb p\u00ebrmendi se Maqedonia nuk ka alternativ\u00eb tjet\u00ebr dhe patjet\u00ebr e kemi ta ndjekim at\u00eb rrug\u00eb, i shoh t\u00eb gjitha deklaratat e kryeministrit thot\u00eb se s\u2019ka alternativ\u00eb tjet\u00ebr, pa VMRO-DPMNE-n\u00eb nuk b\u00ebhen k\u00ebto ndryshime dhe pa nj\u00eb dakordim prej Bullgaris\u00eb q\u00eb t\u00eb mos ket\u00eb kusht\u00ebzime tjera \u00ebsht\u00eb e pamundshme\u201d, deklaroi Arben Taravari, koalicioni VLEN. \/<strong>Alsat.mk<\/strong><\/p>\n\n\n\n<p><\/p>\n","protected":false},"excerpt":{"rendered":"<p>&ldquo;Ne mund t&euml; kemi loj&euml; fjal&euml;sh sa t&euml; duam, gjuha shqipe nuk &euml;sht&euml; e barabart&euml; me gjuh&euml;n maqedonase. K&euml;tu pajtohemi t&euml; gjith&euml;. Se para vitit 1991, para pavar&euml;simit t&euml; Maqedonis&euml; gjuh&euml; zyrtare sipas Kushtetut&euml;s kan&euml; qen&euml; gjuha maqedonase, shqipe dhe turke. Tash &euml;sht&euml; gjuha maqedonase dhe 20% e popullat&euml;s e cila e flet gjuh&euml;n shqipe. [&hellip;]<\/p>\n","protected":false},"author":2,"featured_media":39412,"comment_status":"open","ping_status":"closed","sticky":false,"template":"","format":"standard","meta":{"_monsterinsights_skip_tracking":false,"_monsterinsights_sitenote_active":false,"_monsterinsights_sitenote_note":"","_monsterinsights_sitenote_category":0,"footnotes":""},"categories":[1],"tags":[],"class_list":["post-39411","post","type-post","status-publish","format-standard","has-post-thumbnail","hentry","category-vendi"],"_links":{"self":[{"href":"https:\/\/radiojehona.mk\/index.php?rest_route=\/wp\/v2\/posts\/39411","targetHints":{"allow":["GET"]}}],"collection":[{"href":"https:\/\/radiojehona.mk\/index.php?rest_route=\/wp\/v2\/posts"}],"about":[{"href":"https:\/\/radiojehona.mk\/index.php?rest_route=\/wp\/v2\/types\/post"}],"author":[{"embeddable":true,"href":"https:\/\/radiojehona.mk\/index.php?rest_route=\/wp\/v2\/users\/2"}],"replies":[{"embeddable":true,"href":"https:\/\/radiojehona.mk\/index.php?rest_route=%2Fwp%2Fv2%2Fcomments&post=39411"}],"version-history":[{"count":2,"href":"https:\/\/radiojehona.mk\/index.php?rest_route=\/wp\/v2\/posts\/39411\/revisions"}],"predecessor-version":[{"id":39414,"href":"https:\/\/radiojehona.mk\/index.php?rest_route=\/wp\/v2\/posts\/39411\/revisions\/39414"}],"wp:featuredmedia":[{"embeddable":true,"href":"https:\/\/radiojehona.mk\/index.php?rest_route=\/wp\/v2\/media\/39412"}],"wp:attachment":[{"href":"https:\/\/radiojehona.mk\/index.php?rest_route=%2Fwp%2Fv2%2Fmedia&parent=39411"}],"wp:term":[{"taxonomy":"category","embeddable":true,"href":"https:\/\/radiojehona.mk\/index.php?rest_route=%2Fwp%2Fv2%2Fcategories&post=39411"},{"taxonomy":"post_tag","embeddable":true,"href":"https:\/\/radiojehona.mk\/index.php?rest_route=%2Fwp%2Fv2%2Ftags&post=39411"}],"curies":[{"name":"wp","href":"https:\/\/api.w.org\/{rel}","templated":true}]}}