{"id":39406,"date":"2024-12-27T11:49:17","date_gmt":"2024-12-27T11:49:17","guid":{"rendered":"https:\/\/radiojehona.com\/?p=39406"},"modified":"2024-12-27T11:49:17","modified_gmt":"2024-12-27T11:49:17","slug":"mbi-3800-njerez-vdesin-cdo-vit-per-shkak-te-ndotjes-neser-proteste-per-ajer-te-paster","status":"publish","type":"post","link":"https:\/\/radiojehona.mk\/?p=39406","title":{"rendered":"Mbi 3800 njer\u00ebz vdesin \u00e7do vit p\u00ebr shkak t\u00eb ndotjes, nes\u00ebr protest\u00eb p\u00ebr aj\u00ebr t\u00eb past\u00ebr"},"content":{"rendered":"\n<figure class=\"wp-block-image size-full\"><img fetchpriority=\"high\" decoding=\"async\" width=\"750\" height=\"430\" src=\"https:\/\/radiojehona.com\/wp-content\/uploads\/2024\/12\/Shkup-ndotja-1.jpg\" alt=\"\" class=\"wp-image-39408\" srcset=\"https:\/\/radiojehona.mk\/wp-content\/uploads\/2024\/12\/Shkup-ndotja-1.jpg 750w, https:\/\/radiojehona.mk\/wp-content\/uploads\/2024\/12\/Shkup-ndotja-1-300x172.jpg 300w\" sizes=\"(max-width: 750px) 100vw, 750px\" \/><figcaption class=\"wp-element-caption\">CREATOR: gd-jpeg v1.0 (using IJG JPEG v80), quality = 82<\/figcaption><\/figure>\n\n\n\n<p>Nes\u00ebr n\u00eb Shkup do t\u00eb mbahet marsh protestues \u201cP\u00ebr aj\u00ebr t\u00eb past\u00ebr\u201d. Marshi do t\u00eb filloj\u00eb para Ministris\u00eb s\u00eb Ambientit, do t\u00eb vazhdoj\u00eb p\u00ebrmes Kuvendit dhe Qeveris\u00eb dhe do t\u00eb p\u00ebrfundoj\u00eb para qytetit t\u00eb Shkupit.<\/p>\n\n\n\n<p>Organizator\u00ebt e nism\u00ebs Shans p\u00ebr nj\u00eb Qend\u00ebr, s\u00eb bashku me organizata t\u00eb tjera t\u00eb shoq\u00ebris\u00eb civile, kujtojn\u00eb se k\u00ebrkesat p\u00ebr masa urgjente kund\u00ebr ndotjes mbeten pa p\u00ebrgjigje edhe pas protest\u00ebs s\u00eb m\u00ebparshme t\u00eb 10 dhjetorit.<\/p>\n\n\n\n<p>\u201c\u00c7do vit, mbi 3800 persona n\u00eb Maqedoni vdesin si pasoj\u00eb e ekspozimit ndaj grimcave t\u00eb d\u00ebmshme PM2.5, q\u00eb paraqet 17,7 p\u00ebr qind t\u00eb vdekshm\u00ebris\u00eb s\u00eb p\u00ebrgjithshme n\u00eb vend. Ve\u00e7an\u00ebrisht shqet\u00ebsues \u00ebsht\u00eb fakti q\u00eb nj\u00eb n\u00eb n\u00ebnt\u00eb foshnjat e vdekura n\u00ebn nj\u00eb vje\u00e7 humbet jet\u00ebn p\u00ebr shkak t\u00eb ajrit t\u00eb ndotur\u201d, thuhet n\u00eb thirrje.<\/p>\n\n\n\n<p>Protesta u mb\u00ebshtet nga organizata si Green Human City, Skopje Smog Alarm, T\u00eb pavarurit p\u00ebr Karposh, O2 Initiative, T\u00eb gjelb\u00ebrtit nga Gazi Baba, NaTocak dhe Go Green.<\/p>\n\n\n\n<p>Organizator\u00ebt po k\u00ebrkojn\u00eb masa urgjente dhe efikase p\u00ebr t\u00eb p\u00ebrballuar ndotjen dhe mbrojtjen e sh\u00ebndetit t\u00eb qytetar\u00ebve.<\/p>\n","protected":false},"excerpt":{"rendered":"<p>Nes&euml;r n&euml; Shkup do t&euml; mbahet marsh protestues &ldquo;P&euml;r aj&euml;r t&euml; past&euml;r&rdquo;. Marshi do t&euml; filloj&euml; para Ministris&euml; s&euml; Ambientit, do t&euml; vazhdoj&euml; p&euml;rmes Kuvendit dhe Qeveris&euml; dhe do t&euml; p&euml;rfundoj&euml; para qytetit t&euml; Shkupit. Organizator&euml;t e nism&euml;s Shans p&euml;r nj&euml; Qend&euml;r, s&euml; bashku me organizata t&euml; tjera t&euml; shoq&euml;ris&euml; civile, kujtojn&euml; se k&euml;rkesat p&euml;r [&hellip;]<\/p>\n","protected":false},"author":2,"featured_media":39408,"comment_status":"open","ping_status":"closed","sticky":false,"template":"","format":"standard","meta":{"_monsterinsights_skip_tracking":false,"_monsterinsights_sitenote_active":false,"_monsterinsights_sitenote_note":"","_monsterinsights_sitenote_category":0,"footnotes":""},"categories":[1],"tags":[],"class_list":["post-39406","post","type-post","status-publish","format-standard","has-post-thumbnail","hentry","category-vendi"],"_links":{"self":[{"href":"https:\/\/radiojehona.mk\/index.php?rest_route=\/wp\/v2\/posts\/39406","targetHints":{"allow":["GET"]}}],"collection":[{"href":"https:\/\/radiojehona.mk\/index.php?rest_route=\/wp\/v2\/posts"}],"about":[{"href":"https:\/\/radiojehona.mk\/index.php?rest_route=\/wp\/v2\/types\/post"}],"author":[{"embeddable":true,"href":"https:\/\/radiojehona.mk\/index.php?rest_route=\/wp\/v2\/users\/2"}],"replies":[{"embeddable":true,"href":"https:\/\/radiojehona.mk\/index.php?rest_route=%2Fwp%2Fv2%2Fcomments&post=39406"}],"version-history":[{"count":2,"href":"https:\/\/radiojehona.mk\/index.php?rest_route=\/wp\/v2\/posts\/39406\/revisions"}],"predecessor-version":[{"id":39410,"href":"https:\/\/radiojehona.mk\/index.php?rest_route=\/wp\/v2\/posts\/39406\/revisions\/39410"}],"wp:featuredmedia":[{"embeddable":true,"href":"https:\/\/radiojehona.mk\/index.php?rest_route=\/wp\/v2\/media\/39408"}],"wp:attachment":[{"href":"https:\/\/radiojehona.mk\/index.php?rest_route=%2Fwp%2Fv2%2Fmedia&parent=39406"}],"wp:term":[{"taxonomy":"category","embeddable":true,"href":"https:\/\/radiojehona.mk\/index.php?rest_route=%2Fwp%2Fv2%2Fcategories&post=39406"},{"taxonomy":"post_tag","embeddable":true,"href":"https:\/\/radiojehona.mk\/index.php?rest_route=%2Fwp%2Fv2%2Ftags&post=39406"}],"curies":[{"name":"wp","href":"https:\/\/api.w.org\/{rel}","templated":true}]}}