{"id":39398,"date":"2024-12-26T13:41:31","date_gmt":"2024-12-26T13:41:31","guid":{"rendered":"https:\/\/radiojehona.com\/?p=39398"},"modified":"2024-12-26T13:41:31","modified_gmt":"2024-12-26T13:41:31","slug":"nga-1-janari-whatsapp-i-nuk-funksionon-ne-keta-celulare","status":"publish","type":"post","link":"https:\/\/radiojehona.mk\/?p=39398","title":{"rendered":"Nga 1 janari, WhatsApp-i nuk funksionon n\u00eb k\u00ebta celular\u00eb"},"content":{"rendered":"\n<figure class=\"wp-block-image size-large\"><img fetchpriority=\"high\" decoding=\"async\" width=\"1024\" height=\"639\" src=\"https:\/\/radiojehona.com\/wp-content\/uploads\/2024\/12\/IMG_0079-1024x639.jpeg\" alt=\"\" class=\"wp-image-39399\" srcset=\"https:\/\/radiojehona.mk\/wp-content\/uploads\/2024\/12\/IMG_0079-1024x639.jpeg 1024w, https:\/\/radiojehona.mk\/wp-content\/uploads\/2024\/12\/IMG_0079-300x187.jpeg 300w, https:\/\/radiojehona.mk\/wp-content\/uploads\/2024\/12\/IMG_0079-768x479.jpeg 768w, https:\/\/radiojehona.mk\/wp-content\/uploads\/2024\/12\/IMG_0079.jpeg 1125w\" sizes=\"(max-width: 1024px) 100vw, 1024px\" \/><\/figure>\n\n\n\n<p>Duke filluar nga 1 janari 2025, WhatsApp-i nuk do t\u00eb mb\u00ebshtetet m\u00eb n\u00eb telefonat m\u00eb t\u00eb vjet\u00ebr Android.<\/p>\n\n\n\n<figure class=\"wp-block-image\"><img decoding=\"async\" src=\"https:\/\/ads2.indeksonline.net\/www\/delivery\/lg.php?bannerid=0&amp;campaignid=0&amp;zoneid=217&amp;loc=https%3A%2F%2Findeksonline.net%2Fnga-1-janari-whatsapp-i-nuk-funksionon-ne-keta-celulare%2F%23&amp;referer=https%3A%2F%2Ffax.al%2F&amp;cb=b94e4963c8\" alt=\"\"\/><\/figure>\n\n\n\n<p><\/p>\n\n\n\n<p>Ky ndryshim do t\u00eb thot\u00eb q\u00eb n\u00ebse jeni duke p\u00ebrdorur ende nj\u00eb pajisje t\u00eb vjet\u00ebr si telefonin tuaj kryesor, do t\u2019ju duhet ta z\u00ebvend\u00ebsoni me nj\u00eb model m\u00eb t\u00eb ri p\u00ebr t\u00eb vazhduar p\u00ebrdorimin e WhatsApp.<\/p>\n\n\n\n<p>Meta, kompania q\u00eb q\u00ebndron pas aplikacionit, po nd\u00ebrpret mb\u00ebshtetjen p\u00ebr k\u00ebto pajisje t\u00eb vjetra sepse atyre u mungojn\u00eb aft\u00ebsit\u00eb harduerike p\u00ebr ve\u00e7orit\u00eb dhe funksionalitetet n\u00eb zhvillim t\u00eb aplikacionit, shkruajn\u00eb&nbsp;mediat e huaja.<\/p>\n\n\n\n<p>Disa nga modelet e njohura t\u00eb telefonave q\u00eb do t\u00eb preken nga ky ndryshim jan\u00eb: Samsung Galaxy S3, Samsung Galaxy Note 2, Samsung Galaxy S4 Mini, Motorola Moto G (1st Gen), Motorola Razr HD,&nbsp; Moto E 2014, HTC One X, HTC One X+, HTCDesire 500, HTCDesire 601, LG Optimus G, LG Nexus 4, LG G2 Mini, LG L90, Sony Xperia Z, Sony Xperia SP, Sony Xperia T dhe Sony Xperia V.<\/p>\n\n\n\n<p>Ndryshe, kjo nuk \u00ebsht\u00eb hera e par\u00eb q\u00eb Meta njofton planet p\u00ebr t\u2019i dh\u00ebn\u00eb fund mb\u00ebshtetjes p\u00ebr pajisjet e vjetra.<\/p>\n\n\n\n<p>Disa muaj m\u00eb par\u00eb, kompania njoftoi se do t\u00eb ndalonte mb\u00ebshtetjen e iPhone-ve q\u00eb funksionojn\u00eb n\u00eb iOS m\u00eb t\u00eb vjet\u00ebr se versioni 15.1.<\/p>\n","protected":false},"excerpt":{"rendered":"<p>Duke filluar nga 1 janari 2025, WhatsApp-i nuk do t&euml; mb&euml;shtetet m&euml; n&euml; telefonat m&euml; t&euml; vjet&euml;r Android. Ky ndryshim do t&euml; thot&euml; q&euml; n&euml;se jeni duke p&euml;rdorur ende nj&euml; pajisje t&euml; vjet&euml;r si telefonin tuaj kryesor, do t&rsquo;ju duhet ta z&euml;vend&euml;soni me nj&euml; model m&euml; t&euml; ri p&euml;r t&euml; vazhduar p&euml;rdorimin e WhatsApp. Meta, [&hellip;]<\/p>\n","protected":false},"author":2,"featured_media":39399,"comment_status":"open","ping_status":"closed","sticky":false,"template":"","format":"standard","meta":{"_monsterinsights_skip_tracking":false,"_monsterinsights_sitenote_active":false,"_monsterinsights_sitenote_note":"","_monsterinsights_sitenote_category":0,"footnotes":""},"categories":[571],"tags":[],"class_list":["post-39398","post","type-post","status-publish","format-standard","has-post-thumbnail","hentry","category-teknologji"],"_links":{"self":[{"href":"https:\/\/radiojehona.mk\/index.php?rest_route=\/wp\/v2\/posts\/39398","targetHints":{"allow":["GET"]}}],"collection":[{"href":"https:\/\/radiojehona.mk\/index.php?rest_route=\/wp\/v2\/posts"}],"about":[{"href":"https:\/\/radiojehona.mk\/index.php?rest_route=\/wp\/v2\/types\/post"}],"author":[{"embeddable":true,"href":"https:\/\/radiojehona.mk\/index.php?rest_route=\/wp\/v2\/users\/2"}],"replies":[{"embeddable":true,"href":"https:\/\/radiojehona.mk\/index.php?rest_route=%2Fwp%2Fv2%2Fcomments&post=39398"}],"version-history":[{"count":2,"href":"https:\/\/radiojehona.mk\/index.php?rest_route=\/wp\/v2\/posts\/39398\/revisions"}],"predecessor-version":[{"id":39401,"href":"https:\/\/radiojehona.mk\/index.php?rest_route=\/wp\/v2\/posts\/39398\/revisions\/39401"}],"wp:featuredmedia":[{"embeddable":true,"href":"https:\/\/radiojehona.mk\/index.php?rest_route=\/wp\/v2\/media\/39399"}],"wp:attachment":[{"href":"https:\/\/radiojehona.mk\/index.php?rest_route=%2Fwp%2Fv2%2Fmedia&parent=39398"}],"wp:term":[{"taxonomy":"category","embeddable":true,"href":"https:\/\/radiojehona.mk\/index.php?rest_route=%2Fwp%2Fv2%2Fcategories&post=39398"},{"taxonomy":"post_tag","embeddable":true,"href":"https:\/\/radiojehona.mk\/index.php?rest_route=%2Fwp%2Fv2%2Ftags&post=39398"}],"curies":[{"name":"wp","href":"https:\/\/api.w.org\/{rel}","templated":true}]}}