{"id":39386,"date":"2024-12-26T13:32:34","date_gmt":"2024-12-26T13:32:34","guid":{"rendered":"https:\/\/radiojehona.com\/?p=39386"},"modified":"2024-12-26T13:32:34","modified_gmt":"2024-12-26T13:32:34","slug":"i-mbijetuari-i-rrezimit-te-avionit-te-azerbajxhanit-pati-nje-shperthim-kur-avioni-tentoi-te-ulej-ne-ceceni","status":"publish","type":"post","link":"https:\/\/radiojehona.mk\/?p=39386","title":{"rendered":"I mbijetuari i rr\u00ebzimit t\u00eb avionit t\u00eb Azerbajxhanit: Pati nj\u00eb shp\u00ebr\u2019thim kur avioni tentoi t\u00eb ulej n\u00eb \u00c7e\u00e7eni"},"content":{"rendered":"\n<figure class=\"wp-block-image size-large\"><img fetchpriority=\"high\" decoding=\"async\" width=\"1024\" height=\"621\" src=\"https:\/\/radiojehona.com\/wp-content\/uploads\/2024\/12\/IMG_0076-1024x621.jpeg\" alt=\"\" class=\"wp-image-39387\" srcset=\"https:\/\/radiojehona.mk\/wp-content\/uploads\/2024\/12\/IMG_0076-1024x621.jpeg 1024w, https:\/\/radiojehona.mk\/wp-content\/uploads\/2024\/12\/IMG_0076-300x182.jpeg 300w, https:\/\/radiojehona.mk\/wp-content\/uploads\/2024\/12\/IMG_0076-768x466.jpeg 768w, https:\/\/radiojehona.mk\/wp-content\/uploads\/2024\/12\/IMG_0076.jpeg 1125w\" sizes=\"(max-width: 1024px) 100vw, 1024px\" \/><\/figure>\n\n\n\n<p>Nj\u00eb i mbijetuar nga rr\u00ebzimi i avionit t\u00eb kompanis\u00eb \u201cAzerbaijan Airlines\u201d t\u00eb m\u00ebrkur\u00ebn tha se pilot\u00ebt e avionit u p\u00ebrpoq\u00ebn t\u00eb uleshin n\u00eb Grozny t\u00eb \u00c7e\u00e7enis\u00eb tri her\u00eb, pasuar nga nj\u00eb shp\u00ebrthim jasht\u00eb avionit, sipas nj\u00eb audio-regjistrimi t\u00eb shp\u00ebrndar\u00eb nga kanali televiziv rus RT, transmeton Anadolu.<\/p>\n\n\n\n<p>I mbijetuari Subkhankul Rahimov tha se \u201cdi\u00e7ka shp\u00ebrtheu\u201d n\u00eb p\u00ebrpjekjen e tret\u00eb t\u00eb uljes dhe se kur ka marr\u00eb jelekun e shp\u00ebtimit, ka v\u00ebrejtur nj\u00eb vrim\u00eb n\u00eb t\u00eb, t\u00eb shkaktuar nga nj\u00eb shrapnel.<\/p>\n\n\n\n<p>Ai ka th\u00ebn\u00eb gjithashtu se pas shp\u00ebrthimit \u00ebsht\u00eb goditur nga nj\u00eb shrapnel.<\/p>\n\n\n\n<p>Rahimov ka treguar p\u00ebrpjekjet e shumta p\u00ebr uljen e avionit duke th\u00ebn\u00eb: \u201cAvioni ishte n\u00eb rrug\u00ebn p\u00ebr n\u00eb ulje dhe m\u00eb pas, befas, filloi t\u00eb ngrihej. N\u00eb k\u00ebt\u00eb moment u zgjova dhe kuptova se avioni nuk ishte n\u00eb gjendje t\u00eb ulej n\u00eb p\u00ebrpjekjen e tij t\u00eb par\u00eb. M\u00eb pas u ngrit mbi re, m\u00eb posht\u00eb kishte mjegull t\u00eb fort\u00eb, avioni u kthye dhe u p\u00ebrpoq t\u00eb ulej p\u00ebr her\u00eb t\u00eb dyt\u00eb\u201d.<\/p>\n\n\n\n<p>\u201cSipas llogaritjes time, ka pasur dy p\u00ebrpjekje. Her\u00ebn e tret\u00eb, di\u00e7ka shp\u00ebrtheu. Pati nj\u00eb shp\u00ebrthim\u201d.<\/p>\n\n\n\n<p>I pyetur n\u00ebse shp\u00ebrthimi ka ndodhur brenda avionit, Rahimov ka th\u00ebn\u00eb se ishte jasht\u00eb dhe shqeu nj\u00eb pjes\u00eb t\u00eb mbules\u00ebs s\u00eb avionit.<\/p>\n\n\n\n<p>\u201cEkspert\u00ebt, specialist\u00ebt do t\u00eb japin vler\u00ebsimet e tyre, por kishte nj\u00eb shp\u00ebrthim. Kishte shp\u00ebrthim me siguri. T\u00eb gjith\u00eb e d\u00ebgjuan shp\u00ebrthimin. Un\u00eb e mora jelekun e shp\u00ebtimit. Mendova m\u00eb vete se nuk e di se ku do t\u00eb uleshim, m\u00eb mir\u00eb t\u00eb merrja jelekun. E mora dhe pash\u00eb nj\u00eb vrim\u00eb n\u00eb t\u00eb, t\u00eb shkaktuar nga nj\u00eb shrapnel\u201d, thot\u00eb Rahimov.<\/p>\n\n\n\n<p>Ai ka th\u00ebn\u00eb se pas shp\u00ebrthimit, shrapneli i ka kaluar nga k\u00ebmb\u00ebt dhe n\u00ebp\u00ebr jelekun e shp\u00ebtimit dhe se madje ka b\u00ebr\u00eb edhe nj\u00eb foto t\u00eb k\u00ebsaj. \u201cSpecialist\u00ebt duhet ta zgjidhin at\u00eb, t\u00eb nxjerrin p\u00ebrfundime, t\u00eb vendosin se \u00e7far\u00eb ka ndodhur\u201d, ka th\u00ebn\u00eb ai.<\/p>\n\n\n\n<p>E dashura e Zaur Mammadovit, nj\u00eb i mbijetuar, ka ndar\u00eb gjithashtu mesazhe me tekst nga koha e p\u00ebrplasjes me gazet\u00ebn ruse \u201cReadovka\u201d.<\/p>\n\n\n\n<p>N\u00eb tekste thuhej se avioni po ulej dhe se pas aksidentit, ai kishte shp\u00ebtuar. Zaur \u00ebsht\u00eb d\u00ebrguar n\u00eb spital me plag\u00eb t\u00eb shkall\u00ebs s\u00eb panjohur. Transporti i tij p\u00ebr n\u00eb Rusi aktualisht \u00ebsht\u00eb duke u zgjidhur.<\/p>\n\n\n\n<p>\u201cZauri \u00ebsht\u00eb i mbuluar me mavijosje, por i vet\u00ebdijsh\u00ebm\u201d, ka th\u00ebn\u00eb e dashura e tij.<\/p>\n\n\n\n<p>Duke folur p\u00ebr RT, Mammadov ka deklaruar se \u201cpasagjer\u00ebt po prisnin vdekjen e tyre\u201d dhe m\u00eb pas avioni filloi t\u00eb binte dhe \u201ckjo \u00ebsht\u00eb e gjitha, gjysma e avionit u cop\u00ebtua\u201d.<\/p>\n\n\n\n<p>Ndryshe, nj\u00eb avion i \u201cAzerbaijan Airlines\u201d me 67 persona n\u00eb bord \u2013 62 pasagjer\u00eb dhe pes\u00eb an\u00ebtar\u00eb t\u00eb ekuipazhit \u2013 q\u00eb po udh\u00ebtonte nga Baku p\u00ebr n\u00eb Grozny u rr\u00ebzua t\u00eb m\u00ebrkur\u00ebn pran\u00eb qytetit t\u00eb Kazakistanit, Aktau.<\/p>\n\n\n\n<p>Sipas autoriteteve t\u00eb Kazakistanit, 38 persona kan\u00eb humbur jet\u00ebn n\u00eb aksident nd\u00ebrsa 29 kan\u00eb mbijetuar.<\/p>\n\n\n\n<p>P\u00ebr shkak t\u00eb aksidentit, 26 dhjetori u shpall dit\u00eb zie komb\u00ebtare n\u00eb Azerbajxhan.<\/p>\n","protected":false},"excerpt":{"rendered":"<p>Nj&euml; i mbijetuar nga rr&euml;zimi i avionit t&euml; kompanis&euml; &ldquo;Azerbaijan Airlines&rdquo; t&euml; m&euml;rkur&euml;n tha se pilot&euml;t e avionit u p&euml;rpoq&euml;n t&euml; uleshin n&euml; Grozny t&euml; &Ccedil;e&ccedil;enis&euml; tri her&euml;, pasuar nga nj&euml; shp&euml;rthim jasht&euml; avionit, sipas nj&euml; audio-regjistrimi t&euml; shp&euml;rndar&euml; nga kanali televiziv rus RT, transmeton Anadolu. I mbijetuari Subkhankul Rahimov tha se &ldquo;di&ccedil;ka shp&euml;rtheu&rdquo; n&euml; [&hellip;]<\/p>\n","protected":false},"author":2,"featured_media":39387,"comment_status":"open","ping_status":"closed","sticky":false,"template":"","format":"standard","meta":{"_monsterinsights_skip_tracking":false,"_monsterinsights_sitenote_active":false,"_monsterinsights_sitenote_note":"","_monsterinsights_sitenote_category":0,"footnotes":""},"categories":[569],"tags":[],"class_list":["post-39386","post","type-post","status-publish","format-standard","has-post-thumbnail","hentry","category-bota"],"_links":{"self":[{"href":"https:\/\/radiojehona.mk\/index.php?rest_route=\/wp\/v2\/posts\/39386","targetHints":{"allow":["GET"]}}],"collection":[{"href":"https:\/\/radiojehona.mk\/index.php?rest_route=\/wp\/v2\/posts"}],"about":[{"href":"https:\/\/radiojehona.mk\/index.php?rest_route=\/wp\/v2\/types\/post"}],"author":[{"embeddable":true,"href":"https:\/\/radiojehona.mk\/index.php?rest_route=\/wp\/v2\/users\/2"}],"replies":[{"embeddable":true,"href":"https:\/\/radiojehona.mk\/index.php?rest_route=%2Fwp%2Fv2%2Fcomments&post=39386"}],"version-history":[{"count":2,"href":"https:\/\/radiojehona.mk\/index.php?rest_route=\/wp\/v2\/posts\/39386\/revisions"}],"predecessor-version":[{"id":39389,"href":"https:\/\/radiojehona.mk\/index.php?rest_route=\/wp\/v2\/posts\/39386\/revisions\/39389"}],"wp:featuredmedia":[{"embeddable":true,"href":"https:\/\/radiojehona.mk\/index.php?rest_route=\/wp\/v2\/media\/39387"}],"wp:attachment":[{"href":"https:\/\/radiojehona.mk\/index.php?rest_route=%2Fwp%2Fv2%2Fmedia&parent=39386"}],"wp:term":[{"taxonomy":"category","embeddable":true,"href":"https:\/\/radiojehona.mk\/index.php?rest_route=%2Fwp%2Fv2%2Fcategories&post=39386"},{"taxonomy":"post_tag","embeddable":true,"href":"https:\/\/radiojehona.mk\/index.php?rest_route=%2Fwp%2Fv2%2Ftags&post=39386"}],"curies":[{"name":"wp","href":"https:\/\/api.w.org\/{rel}","templated":true}]}}