{"id":39378,"date":"2024-12-26T13:25:35","date_gmt":"2024-12-26T13:25:35","guid":{"rendered":"https:\/\/radiojehona.com\/?p=39378"},"modified":"2024-12-26T13:25:35","modified_gmt":"2024-12-26T13:25:35","slug":"azerbajxhani-ne-zi-per-viktimat-e-aksidentit-ajror","status":"publish","type":"post","link":"https:\/\/radiojehona.mk\/?p=39378","title":{"rendered":"Azerbajxhani n\u00eb zi p\u00ebr viktimat e aksidentit ajror"},"content":{"rendered":"\n<figure class=\"wp-block-image size-large\"><img fetchpriority=\"high\" decoding=\"async\" width=\"1024\" height=\"624\" src=\"https:\/\/radiojehona.com\/wp-content\/uploads\/2024\/12\/IMG_0074-1024x624.jpeg\" alt=\"\" class=\"wp-image-39379\" srcset=\"https:\/\/radiojehona.mk\/wp-content\/uploads\/2024\/12\/IMG_0074-1024x624.jpeg 1024w, https:\/\/radiojehona.mk\/wp-content\/uploads\/2024\/12\/IMG_0074-300x183.jpeg 300w, https:\/\/radiojehona.mk\/wp-content\/uploads\/2024\/12\/IMG_0074-768x468.jpeg 768w, https:\/\/radiojehona.mk\/wp-content\/uploads\/2024\/12\/IMG_0074.jpeg 1125w\" sizes=\"(max-width: 1024px) 100vw, 1024px\" \/><\/figure>\n\n\n\n<p>N\u00eb Azerbajxhan m\u00eb 26 dhjetor \u00ebsht\u00eb shpallur dit\u00eb zie p\u00ebr t\u00eb nderuar viktimat nga avioni i pasagjer\u00ebve q\u00eb u rr\u00ebzua nj\u00eb dit\u00eb m\u00eb par\u00eb n\u00eb Kazakistan.<\/p>\n\n\n\n<p>Avioni i kompanis\u00eb Azerbaijan Airlines kishte 67 persona n\u00eb bord. Autoritetet kan\u00eb th\u00ebn\u00eb se 38 persona kan\u00eb vdekur dhe 29 i kan\u00eb mbijetuar p\u00ebrplasjes.<\/p>\n\n\n\n<p>Fluturakja ishte nisur nga kryeqyteti i Azerbajxhanit, Baku, p\u00ebr n\u00eb Grozni t\u00eb rajonit rus, \u00c7e\u00e7eni. Por, avioni devijoi rrug\u00ebn dhe tentoi t\u00eb b\u00ebnte ulje emergjente af\u00ebr qytetit Aktau n\u00eb per\u00ebndim t\u00eb Kazakistanit.<\/p>\n\n\n\n<p>Autoritetet n\u00eb Azerbajxhan dhe Kazakistan kan\u00eb nisur hetimet p\u00ebr t\u00eb kuptuar shkakun e rr\u00ebzimit, teksa \u00ebsht\u00eb gjetur edhe incizimi nga kabina e pilotit.<\/p>\n\n\n\n<p>Presidenti azerbajxhanas, Ilham Aliyev, tha se ende \u00ebsht\u00eb her\u00ebt t\u00eb p\u00ebrcaktohet shkaku i rr\u00ebzimit t\u00eb avionit, por sugjeroi se moti i lig mund t\u00eb ket\u00eb kontribuar n\u00eb incident.<\/p>\n\n\n\n<p>\u201cInformacioni q\u00eb m\u00eb \u00ebsht\u00eb dh\u00ebn\u00eb \u00ebsht\u00eb se avioni ndryshoi rrug\u00ebn nga Bakuja p\u00ebr n\u00eb Grozni p\u00ebr shkak t\u00eb p\u00ebrkeq\u00ebsimit t\u00eb kushteve atmosferike dhe u nis drejt aeroportit t\u00eb Aktaut para se t\u00eb rr\u00ebzohej\u201d, tha ai.<\/p>\n\n\n\n<p>Nd\u00ebrkaq, Zyra e Prokurorit t\u00eb P\u00ebrgjithsh\u00ebm t\u00eb Azerbajxhanit tha se \u201ct\u00eb gjith\u00eb skenar\u00ebt jan\u00eb duke u hetuar\u201d.<\/p>\n\n\n\n<p>N\u00eb avionin e rr\u00ebzuar ishin 42 shtetas t\u00eb Azerbajxhanit, 16 t\u00eb Rusis\u00eb, gjasht\u00eb t\u00eb Kazakistanit dhe tre t\u00eb Kirgizis\u00eb.<\/p>\n\n\n\n<p>Z\u00ebvend\u00ebskryeministri kazak, Qanat Bozymbaev \u2013 i cili \u00ebsht\u00eb p\u00ebrgjegj\u00ebs p\u00ebr komisionin e posa\u00e7\u00ebm qeveritar p\u00ebr hetimin e incidentit \u2013 tha se shumica e viktimave nuk kan\u00eb mundur t\u00eb identifikohen menj\u00ebher\u00eb, pasi kan\u00eb p\u00ebsuar djegie t\u00eb r\u00ebnda.<\/p>\n\n\n\n<p>Sa i p\u00ebrket t\u00eb l\u00ebnduarve, ai tha se disa kan\u00eb l\u00ebndime t\u00eb moderuara, por ka edhe persona n\u00eb gjendje t\u00eb r\u00ebnduar sh\u00ebndet\u00ebsore q\u00eb kan\u00eb p\u00ebsuar djegie t\u00eb m\u00ebdha.<\/p>\n\n\n\n<p>Nd\u00ebrkaq, sa u p\u00ebrket t\u00eb shp\u00ebtuarve, n\u00ebnt\u00eb jan\u00eb rus\u00eb, t\u00eb cil\u00ebt jan\u00eb d\u00ebrguar n\u00eb Mosk\u00eb me nj\u00eb avion nga Ministria ruse e Emergjencave m\u00eb 26 dhjetor.<\/p>\n\n\n\n<p>Kompania Azerbaijan Airlines ka pezulluar t\u00eb gjitha fluturimet nga Bakuja drejt \u00c7e\u00e7enis\u00eb derisa t\u00eb kryhen hetimet p\u00ebr tragjedin\u00eb.<\/p>\n\n\n\n<p>Agjencia ruse e lajmeve, Interfax, ka cituar zyrtar\u00eb t\u00eb ken\u00eb th\u00ebn\u00eb se avioni kishte kaluar t\u00eb gjitha kontrollet n\u00eb tetor dhe piloti kishte \u201cp\u00ebrvoj\u00eb t\u00eb madhe\u201d me mbi 15.000 or\u00eb fluturim. \/REL\/<\/p>\n","protected":false},"excerpt":{"rendered":"<p>N&euml; Azerbajxhan m&euml; 26 dhjetor &euml;sht&euml; shpallur dit&euml; zie p&euml;r t&euml; nderuar viktimat nga avioni i pasagjer&euml;ve q&euml; u rr&euml;zua nj&euml; dit&euml; m&euml; par&euml; n&euml; Kazakistan. Avioni i kompanis&euml; Azerbaijan Airlines kishte 67 persona n&euml; bord. Autoritetet kan&euml; th&euml;n&euml; se 38 persona kan&euml; vdekur dhe 29 i kan&euml; mbijetuar p&euml;rplasjes. Fluturakja ishte nisur nga kryeqyteti [&hellip;]<\/p>\n","protected":false},"author":2,"featured_media":39379,"comment_status":"open","ping_status":"closed","sticky":false,"template":"","format":"standard","meta":{"_monsterinsights_skip_tracking":false,"_monsterinsights_sitenote_active":false,"_monsterinsights_sitenote_note":"","_monsterinsights_sitenote_category":0,"footnotes":""},"categories":[569],"tags":[],"class_list":["post-39378","post","type-post","status-publish","format-standard","has-post-thumbnail","hentry","category-bota"],"_links":{"self":[{"href":"https:\/\/radiojehona.mk\/index.php?rest_route=\/wp\/v2\/posts\/39378","targetHints":{"allow":["GET"]}}],"collection":[{"href":"https:\/\/radiojehona.mk\/index.php?rest_route=\/wp\/v2\/posts"}],"about":[{"href":"https:\/\/radiojehona.mk\/index.php?rest_route=\/wp\/v2\/types\/post"}],"author":[{"embeddable":true,"href":"https:\/\/radiojehona.mk\/index.php?rest_route=\/wp\/v2\/users\/2"}],"replies":[{"embeddable":true,"href":"https:\/\/radiojehona.mk\/index.php?rest_route=%2Fwp%2Fv2%2Fcomments&post=39378"}],"version-history":[{"count":2,"href":"https:\/\/radiojehona.mk\/index.php?rest_route=\/wp\/v2\/posts\/39378\/revisions"}],"predecessor-version":[{"id":39381,"href":"https:\/\/radiojehona.mk\/index.php?rest_route=\/wp\/v2\/posts\/39378\/revisions\/39381"}],"wp:featuredmedia":[{"embeddable":true,"href":"https:\/\/radiojehona.mk\/index.php?rest_route=\/wp\/v2\/media\/39379"}],"wp:attachment":[{"href":"https:\/\/radiojehona.mk\/index.php?rest_route=%2Fwp%2Fv2%2Fmedia&parent=39378"}],"wp:term":[{"taxonomy":"category","embeddable":true,"href":"https:\/\/radiojehona.mk\/index.php?rest_route=%2Fwp%2Fv2%2Fcategories&post=39378"},{"taxonomy":"post_tag","embeddable":true,"href":"https:\/\/radiojehona.mk\/index.php?rest_route=%2Fwp%2Fv2%2Ftags&post=39378"}],"curies":[{"name":"wp","href":"https:\/\/api.w.org\/{rel}","templated":true}]}}