{"id":39374,"date":"2024-12-26T13:21:57","date_gmt":"2024-12-26T13:21:57","guid":{"rendered":"https:\/\/radiojehona.com\/?p=39374"},"modified":"2024-12-26T13:21:57","modified_gmt":"2024-12-26T13:21:57","slug":"limani-i-pergjigjet-bdi-se-qellim-mbi-qellime-mbetet-prangosja-e-hajduteve-ndjekja-e-tyre-deri-pertej-diellit","status":"publish","type":"post","link":"https:\/\/radiojehona.mk\/?p=39374","title":{"rendered":"Limani i p\u00ebrgjigjet BDI-s\u00eb: Q\u00ebllim mbi q\u00ebllime mbetet prangosja e hajdut\u00ebve, ndjekja e tyre deri p\u00ebrtej diellit"},"content":{"rendered":"\n<figure class=\"wp-block-image size-large\"><img fetchpriority=\"high\" decoding=\"async\" width=\"1024\" height=\"674\" src=\"https:\/\/radiojehona.com\/wp-content\/uploads\/2024\/12\/IMG_0073-1024x674.jpeg\" alt=\"\" class=\"wp-image-39375\" srcset=\"https:\/\/radiojehona.mk\/wp-content\/uploads\/2024\/12\/IMG_0073-1024x674.jpeg 1024w, https:\/\/radiojehona.mk\/wp-content\/uploads\/2024\/12\/IMG_0073-300x197.jpeg 300w, https:\/\/radiojehona.mk\/wp-content\/uploads\/2024\/12\/IMG_0073-768x505.jpeg 768w, https:\/\/radiojehona.mk\/wp-content\/uploads\/2024\/12\/IMG_0073.jpeg 1125w\" sizes=\"(max-width: 1024px) 100vw, 1024px\" \/><\/figure>\n\n\n\n<p>Ministri i Politik\u00ebs Sociale, Demografis\u00eb dhe Rinis\u00eb, Fatmir Limani i \u00ebsht\u00eb p\u00ebrgjigjur reagimeve t\u00eb BDI-s\u00eb, n\u00eb lidhje me hapjen e \u00e7erdhes n\u00eb Hara\u00e7in\u00eb, p\u00ebrcjell TV21. Limani thot\u00eb se q\u00ebllim mbi q\u00ebllimet e tij, \u201cmbetet prangosja e hajdut\u00ebve\u201d.<\/p>\n\n\n\n<p>Reagimi i Limanit:<\/p>\n\n\n\n<p>P\u00cbRPAR\u00cbSI<\/p>\n\n\n\n<p>Q\u00ebllim mbi q\u00ebllime mbeten:<br>\u25cf Prangosja e hajdut\u00ebve, t\u00eb cil\u00ebt pasuruan familjet dhe sojin e tyre.<\/p>\n\n\n\n<p>\u25cf Ndjekja e sorra-vist\u00ebve deri p\u00ebrtej\u00eb diellit, pavarsisht \u00e7mimit q\u00eb duhet t\u00eb paguaj.<br>\u25cf Nd\u00ebshkimi i bashk\u00ebpun\u00ebtor\u00ebve t\u00eb tyre, t\u00eb cilat jan\u00eb p\u00ebrfshir\u00eb n\u00eb kriminalitet dhe shit-blehen n\u00eb \u00e7do cik\u00ebl zgjedhor.<\/p>\n\n\n\n<p>NJ\u00cbKOH\u00cbSISHT<\/p>\n\n\n\n<p>Veprimtaria do t\u00eb zhvillohet n\u00eb:<\/p>\n\n\n\n<p>\u25cf Hapjen e vendeve t\u00eb pun\u00ebs, t\u00eb cilat deri n\u00eb dit\u00ebn-sot jan\u00eb mbi 150, vet\u00ebm n\u00ebp\u00ebr \u00c7erdhe t\u00eb F\u00ebmij\u00ebve.<\/p>\n\n\n\n<p>\u25cf P\u00ebrpar\u00ebsi t\u00eb gjith\u00eb profesionist\u00ebve, t\u00eb cil\u00ebt deri dje jan\u00eb kusht\u00ebzuar dhe shantazhuar n\u00eb m\u00ebnyra t\u00eb ndryshme.<\/p>\n\n\n\n<p>\u25cf Mbrojtja e vlerave komb\u00ebtare, t\u00eb cilat deri dje jan\u00eb tregtuar me vlera tender-sorave.<\/p>\n\n\n\n<p>OPOZIT\u00cbN U\u2019A SIGUROVA.., PASON BURGU P\u00cbR T\u00cb GJITH\u00cb KRIMINEL\u00cbT E SOJIT TUAJ.<\/p>\n\n\n\n<p>*N\u00ebp\u00ebr burgje i presin t\u00eb d\u00ebnuarit n\u00eb proceset e montuara nga ana e tyre, andaj edhe ikin si minjt\u00eb nga t\u00ebrmeti\u2026<\/p>\n\n\n\n<p>F. B. L.<\/p>\n","protected":false},"excerpt":{"rendered":"<p>Ministri i Politik&euml;s Sociale, Demografis&euml; dhe Rinis&euml;, Fatmir Limani i &euml;sht&euml; p&euml;rgjigjur reagimeve t&euml; BDI-s&euml;, n&euml; lidhje me hapjen e &ccedil;erdhes n&euml; Hara&ccedil;in&euml;, p&euml;rcjell TV21. Limani thot&euml; se q&euml;llim mbi q&euml;llimet e tij, &ldquo;mbetet prangosja e hajdut&euml;ve&rdquo;. Reagimi i Limanit: P&Euml;RPAR&Euml;SI Q&euml;llim mbi q&euml;llime mbeten:&#9679; Prangosja e hajdut&euml;ve, t&euml; cil&euml;t pasuruan familjet dhe sojin e [&hellip;]<\/p>\n","protected":false},"author":2,"featured_media":39375,"comment_status":"open","ping_status":"closed","sticky":false,"template":"","format":"standard","meta":{"_monsterinsights_skip_tracking":false,"_monsterinsights_sitenote_active":false,"_monsterinsights_sitenote_note":"","_monsterinsights_sitenote_category":0,"footnotes":""},"categories":[1],"tags":[],"class_list":["post-39374","post","type-post","status-publish","format-standard","has-post-thumbnail","hentry","category-vendi"],"_links":{"self":[{"href":"https:\/\/radiojehona.mk\/index.php?rest_route=\/wp\/v2\/posts\/39374","targetHints":{"allow":["GET"]}}],"collection":[{"href":"https:\/\/radiojehona.mk\/index.php?rest_route=\/wp\/v2\/posts"}],"about":[{"href":"https:\/\/radiojehona.mk\/index.php?rest_route=\/wp\/v2\/types\/post"}],"author":[{"embeddable":true,"href":"https:\/\/radiojehona.mk\/index.php?rest_route=\/wp\/v2\/users\/2"}],"replies":[{"embeddable":true,"href":"https:\/\/radiojehona.mk\/index.php?rest_route=%2Fwp%2Fv2%2Fcomments&post=39374"}],"version-history":[{"count":2,"href":"https:\/\/radiojehona.mk\/index.php?rest_route=\/wp\/v2\/posts\/39374\/revisions"}],"predecessor-version":[{"id":39377,"href":"https:\/\/radiojehona.mk\/index.php?rest_route=\/wp\/v2\/posts\/39374\/revisions\/39377"}],"wp:featuredmedia":[{"embeddable":true,"href":"https:\/\/radiojehona.mk\/index.php?rest_route=\/wp\/v2\/media\/39375"}],"wp:attachment":[{"href":"https:\/\/radiojehona.mk\/index.php?rest_route=%2Fwp%2Fv2%2Fmedia&parent=39374"}],"wp:term":[{"taxonomy":"category","embeddable":true,"href":"https:\/\/radiojehona.mk\/index.php?rest_route=%2Fwp%2Fv2%2Fcategories&post=39374"},{"taxonomy":"post_tag","embeddable":true,"href":"https:\/\/radiojehona.mk\/index.php?rest_route=%2Fwp%2Fv2%2Ftags&post=39374"}],"curies":[{"name":"wp","href":"https:\/\/api.w.org\/{rel}","templated":true}]}}