{"id":39370,"date":"2024-12-26T13:19:15","date_gmt":"2024-12-26T13:19:15","guid":{"rendered":"https:\/\/radiojehona.com\/?p=39370"},"modified":"2024-12-26T13:19:16","modified_gmt":"2024-12-26T13:19:16","slug":"bdi-per-shqiptaret-nuk-mund-te-vendoset-pa-shqiptaret","status":"publish","type":"post","link":"https:\/\/radiojehona.mk\/?p=39370","title":{"rendered":"BDI: P\u00ebr shqiptar\u00ebt nuk mund t\u00eb vendoset pa shqiptar\u00ebt!"},"content":{"rendered":"\n<figure class=\"wp-block-image size-large\"><img fetchpriority=\"high\" decoding=\"async\" width=\"1024\" height=\"599\" src=\"https:\/\/radiojehona.com\/wp-content\/uploads\/2024\/12\/IMG_0072-1024x599.jpeg\" alt=\"\" class=\"wp-image-39371\" srcset=\"https:\/\/radiojehona.mk\/wp-content\/uploads\/2024\/12\/IMG_0072-1024x599.jpeg 1024w, https:\/\/radiojehona.mk\/wp-content\/uploads\/2024\/12\/IMG_0072-300x175.jpeg 300w, https:\/\/radiojehona.mk\/wp-content\/uploads\/2024\/12\/IMG_0072-768x449.jpeg 768w, https:\/\/radiojehona.mk\/wp-content\/uploads\/2024\/12\/IMG_0072.jpeg 1125w\" sizes=\"(max-width: 1024px) 100vw, 1024px\" \/><\/figure>\n\n\n\n<p>Mendimi i ndar\u00eb i dy gjyqtar\u00ebve t\u00eb Gjykat\u00ebs Kushtetuese t\u00eb p\u00ebrkat\u00ebsis\u00eb etnike shqiptare, Dr. Osman Kadriu dhe Naser Ajdari, lidhur me vendimin e 9 tetorit t\u00eb Gjykat\u00ebs Kushtetuese p\u00ebr shfuqizimin e nj\u00eb shtylle kritike t\u00eb Kushtetut\u00ebs dhe Marr\u00ebveshjes s\u00eb Ohrit \u2013 p\u00ebrfaq\u00ebsimin e drejt\u00eb dhe t\u00eb barabart\u00eb, ka shqetsuar thelle \u00e7do shqiptar\u00eb dhe \u00e7do qytetar\u00eb t\u00eb vendit qe p\u00ebr dallim nga kjo qeveri ende beson n\u00eb bashk\u00ebjetese dhe barazi.<\/p>\n\n\n\n<p>Ajo q\u00eb lexuam n\u00eb k\u00ebt\u00eb opinion ka tronditur \u00e7do qytetar paqedash\u00ebs t\u00eb k\u00ebtij vendi, e n\u00eb ve\u00e7anti shqiptar\u00ebt. Kur gjyqtar\u00ebt thon\u00eb n\u00eb opinionin e ndar\u00eb t\u00eb tyre: \u201cVendimi \u00ebsht\u00eb marr\u00eb mbi baza etnike, p\u00ebrmes mbivotimit, duke vendosur kund\u00ebr t\u00eb drejtave t\u00eb komuniteteve joshumic\u00eb dhe n\u00eb kund\u00ebrshtim me vler\u00ebn themelore \u2013 t\u00eb drejt\u00ebn p\u00ebr p\u00ebrfaq\u00ebsim t\u00eb drejt\u00eb dhe t\u00eb barabart\u00eb\u201d.<\/p>\n\n\n\n<p>E konsiderojm\u00eb k\u00ebt\u00eb vendim si t\u00eb paligjsh\u00ebm dhe me pasoja serioze juridike,\u201dKjo p\u00ebrb\u00ebn sulmin m\u00eb t\u00eb madh ndaj marr\u00ebdh\u00ebnieve nd\u00ebretnike q\u00eb kujton t\u00eb gjith\u00eb sjelljen e institucioneve n\u00eb vitet \u201890, kur shqet\u00ebsimet e shqiptar\u00ebve mbivotoheshin, shtypeshin dhe shpesh trajtoheshin me dhun\u00eb\u201d.<\/p>\n\n\n\n<p>M\u00eb tej, n\u00eb opinionin e tyre, gjyqtar\u00ebt theksojn\u00eb: \u201cDuam t\u00eb theksojm\u00eb menj\u00ebher\u00eb se shprehja juridike \u2013 p\u00ebrkat\u00ebsia e komunitetit, \u00ebsht\u00eb nj\u00eb institucion kushtetues dhe, si e till\u00eb, nj\u00eb kategori kushtetuese\u201d.<\/p>\n\n\n\n<p>Si rezultat, vendimi i lartp\u00ebrmendur shfuqizon nj\u00eb kategori kushtetuese q\u00eb lidhet me \u201cp\u00ebrkat\u00ebsin\u00eb e komunitetit\u201d.<\/p>\n\n\n\n<p>Ky \u00ebsht\u00eb nj\u00eb d\u00ebshmi tjet\u00ebr se vendimi i Gjykat\u00ebs Kushtetuese p\u00ebr t\u00eb zbatuar programin partiak t\u00eb partis\u00eb n\u00eb pushtet \u00ebsht\u00eb nj\u00eb p\u00ebrpjekje p\u00ebr t\u00eb ndryshuar karakterin multietnik t\u00eb rendit kushtetues, q\u00eb \u00ebsht\u00eb themeli i konceptit t\u00eb prezantuar me Marr\u00ebveshjen e Ohrit.<\/p>\n\n\n\n<p>Si p\u00ebrfaq\u00ebsues legjitim t\u00eb popullit shqiptar, edhe nj\u00eb her\u00eb t\u00ebrheqim v\u00ebmendjen p\u00ebr nevoj\u00ebn urgjente p\u00ebr t\u00eb anuluar menj\u00ebher\u00eb vendimin e 9 tetorit, pasi ai \u00ebsht\u00eb i paligjsh\u00ebm dhe antikushtetues.<\/p>\n\n\n\n<p>Asnj\u00eb vendim i Gjykat\u00ebs Kushtetuese mbi ligjet e miratuara me shumic\u00eb t\u00eb dyfisht\u00eb Badenter nuk mund t\u00eb diskutohet apo miratohet pa pjes\u00ebmarrjen dhe dakordimin e p\u00ebrfaq\u00ebsuesve t\u00eb atij komuniteti.<\/p>\n\n\n\n<p>P\u00ebr shqiptar\u00ebt nuk mund t\u00eb vendoset pa shqiptar\u00ebt!<\/p>\n\n\n\n<p>Bashkimi Demokratik p\u00ebr Integrim mbetet i vendosur t\u00eb mbroj\u00eb themelet kushtetuese t\u00eb rendit multietnik dhe t\u00eb siguroj\u00eb q\u00eb t\u00eb drejtat e garantuara me Marr\u00ebveshjen e Ohrit t\u00eb mbeten t\u00eb pacenueshme.<\/p>\n","protected":false},"excerpt":{"rendered":"<p>Mendimi i ndar&euml; i dy gjyqtar&euml;ve t&euml; Gjykat&euml;s Kushtetuese t&euml; p&euml;rkat&euml;sis&euml; etnike shqiptare, Dr. Osman Kadriu dhe Naser Ajdari, lidhur me vendimin e 9 tetorit t&euml; Gjykat&euml;s Kushtetuese p&euml;r shfuqizimin e nj&euml; shtylle kritike t&euml; Kushtetut&euml;s dhe Marr&euml;veshjes s&euml; Ohrit &ndash; p&euml;rfaq&euml;simin e drejt&euml; dhe t&euml; barabart&euml;, ka shqetsuar thelle &ccedil;do shqiptar&euml; dhe &ccedil;do qytetar&euml; [&hellip;]<\/p>\n","protected":false},"author":2,"featured_media":39371,"comment_status":"open","ping_status":"closed","sticky":false,"template":"","format":"standard","meta":{"_monsterinsights_skip_tracking":false,"_monsterinsights_sitenote_active":false,"_monsterinsights_sitenote_note":"","_monsterinsights_sitenote_category":0,"footnotes":""},"categories":[1],"tags":[],"class_list":["post-39370","post","type-post","status-publish","format-standard","has-post-thumbnail","hentry","category-vendi"],"_links":{"self":[{"href":"https:\/\/radiojehona.mk\/index.php?rest_route=\/wp\/v2\/posts\/39370","targetHints":{"allow":["GET"]}}],"collection":[{"href":"https:\/\/radiojehona.mk\/index.php?rest_route=\/wp\/v2\/posts"}],"about":[{"href":"https:\/\/radiojehona.mk\/index.php?rest_route=\/wp\/v2\/types\/post"}],"author":[{"embeddable":true,"href":"https:\/\/radiojehona.mk\/index.php?rest_route=\/wp\/v2\/users\/2"}],"replies":[{"embeddable":true,"href":"https:\/\/radiojehona.mk\/index.php?rest_route=%2Fwp%2Fv2%2Fcomments&post=39370"}],"version-history":[{"count":2,"href":"https:\/\/radiojehona.mk\/index.php?rest_route=\/wp\/v2\/posts\/39370\/revisions"}],"predecessor-version":[{"id":39373,"href":"https:\/\/radiojehona.mk\/index.php?rest_route=\/wp\/v2\/posts\/39370\/revisions\/39373"}],"wp:featuredmedia":[{"embeddable":true,"href":"https:\/\/radiojehona.mk\/index.php?rest_route=\/wp\/v2\/media\/39371"}],"wp:attachment":[{"href":"https:\/\/radiojehona.mk\/index.php?rest_route=%2Fwp%2Fv2%2Fmedia&parent=39370"}],"wp:term":[{"taxonomy":"category","embeddable":true,"href":"https:\/\/radiojehona.mk\/index.php?rest_route=%2Fwp%2Fv2%2Fcategories&post=39370"},{"taxonomy":"post_tag","embeddable":true,"href":"https:\/\/radiojehona.mk\/index.php?rest_route=%2Fwp%2Fv2%2Ftags&post=39370"}],"curies":[{"name":"wp","href":"https:\/\/api.w.org\/{rel}","templated":true}]}}