{"id":39367,"date":"2024-12-26T11:50:33","date_gmt":"2024-12-26T11:50:33","guid":{"rendered":"https:\/\/radiojehona.com\/?p=39367"},"modified":"2024-12-26T11:50:33","modified_gmt":"2024-12-26T11:50:33","slug":"14-mije-viktima-te-paidentifikuara-perkujtohen-viktimat-e-cunamit-ne-oqeanin-indian","status":"publish","type":"post","link":"https:\/\/radiojehona.mk\/?p=39367","title":{"rendered":"14 mij\u00eb viktima t\u00eb paidentifikuara\/ P\u00ebrkujtohen viktimat e cunamit n\u00eb Oqeanin Indian"},"content":{"rendered":"\n<figure class=\"wp-block-image size-large\"><img fetchpriority=\"high\" decoding=\"async\" width=\"1024\" height=\"644\" src=\"https:\/\/radiojehona.com\/wp-content\/uploads\/2024\/12\/IMG_0071-1024x644.jpeg\" alt=\"\" class=\"wp-image-39368\" srcset=\"https:\/\/radiojehona.mk\/wp-content\/uploads\/2024\/12\/IMG_0071-1024x644.jpeg 1024w, https:\/\/radiojehona.mk\/wp-content\/uploads\/2024\/12\/IMG_0071-300x189.jpeg 300w, https:\/\/radiojehona.mk\/wp-content\/uploads\/2024\/12\/IMG_0071-768x483.jpeg 768w, https:\/\/radiojehona.mk\/wp-content\/uploads\/2024\/12\/IMG_0071.jpeg 1125w\" sizes=\"(max-width: 1024px) 100vw, 1024px\" \/><\/figure>\n\n\n\n<p>Njer\u00ebzit jan\u00eb bashkuar p\u00ebr t\u2019u lutur dhe kan\u00eb vizituar varret masive n\u00eb provinc\u00ebn Aceh t\u00eb Indonezis\u00eb m\u00eb 26 dhjetor p\u00ebr t\u00eb sh\u00ebnuar 20-vjetorin e cunamit masiv n\u00eb Oqeanin Indian q\u00eb goditi rajonin dhe q\u00eb ishte nj\u00eb nga katastrofat m\u00eb t\u00eb k\u00ebqija natyrore n\u00eb historin\u00eb moderne.<\/p>\n\n\n\n<p>Shum\u00eb njer\u00ebz vendos\u00ebn lule n\u00eb varrin masiv n\u00eb fshatin Ule Lue, ku m\u00eb shum\u00eb se 14.000 viktima t\u00eb paidentifikuara t\u00eb cunamit jan\u00eb varrosur. Ky \u00ebsht\u00eb nj\u00eb prej disa varreve masive n\u00eb Banda Aceh, kryeqytetin e provinc\u00ebs m\u00eb veriore t\u00eb Indonezis\u00eb q\u00eb ishte nj\u00eb nga zonat e goditura m\u00eb s\u00eb r\u00ebndi nga t\u00ebrmeti prej 9.1 shkall\u00ebsh dhe nga cunami masiv q\u00eb u shkaktua m\u00eb pas.<\/p>\n\n\n\n<p>\u201cNa mungojn\u00eb dhe ende nuk e dim\u00eb se ku jan\u00eb. T\u00eb gjith\u00eb e dim\u00eb se \u00e7do vit ne vizitojm\u00eb varret masive n\u00eb Ule Lue dhe Siron\u201d, tha Muhamad Amirudin, i cili humbi dy f\u00ebmij\u00ebt e tij 20 vjet m\u00eb par\u00eb. Trupat e tyre nuk u gjet\u00ebn kurr\u00eb.<\/p>\n\n\n\n<figure class=\"wp-block-image\"><img decoding=\"async\" src=\"https:\/\/ads.balkanweb.com\/www\/delivery\/lg.php?bannerid=0&amp;campaignid=0&amp;zoneid=489&amp;loc=https%3A%2F%2Fwww.balkanweb.com%2F14-mije-viktima-te-paidentifikuara-perkujtohen-viktimat-e-cunamit-ne-oqeanin-indian%2F%23gsc.tab%3D0&amp;referer=https%3A%2F%2Ffax.al%2F&amp;cb=c3bb5a6f9e\" alt=\"\"\/><\/figure>\n\n\n\n<p><\/p>\n\n\n\n<p>T\u00ebrmeti i fuqish\u00ebm q\u00eb goditi n\u00eb af\u00ebrsi t\u00eb brigjeve t\u00eb ishullit Sumatra m\u00eb 26 dhjetor 2004, shkaktoi cunamin q\u00eb la t\u00eb vrar\u00eb af\u00ebr 230.000 persona n\u00eb dhjet\u00ebra shtete dhe ai arriti deri n\u00eb Afrik\u00ebn Lindore. Af\u00ebr 1.7 milion persona u zhvendos\u00ebn, kryesisht n\u00eb kat\u00ebr shtetet e goditura m\u00eb s\u00eb r\u00ebndi nga fatkeq\u00ebsia natyrore: Indonezi, Shri Lank\u00eb, Indi dhe Tajland\u00eb.<\/p>\n\n\n\n<figure class=\"wp-block-image\"><img decoding=\"async\" src=\"https:\/\/ads.balkanweb.com\/www\/delivery\/lg.php?bannerid=0&amp;campaignid=0&amp;zoneid=616&amp;loc=https%3A%2F%2Fwww.balkanweb.com%2F14-mije-viktima-te-paidentifikuara-perkujtohen-viktimat-e-cunamit-ne-oqeanin-indian%2F%23gsc.tab%3D0&amp;referer=https%3A%2F%2Ffax.al%2F&amp;cb=67ae684dda\" alt=\"\"\/><\/figure>\n\n\n\n<figure class=\"wp-block-image\"><img decoding=\"async\" src=\"https:\/\/ads.balkanweb.com\/www\/delivery\/lg.php?bannerid=0&amp;campaignid=0&amp;zoneid=471&amp;loc=https%3A%2F%2Fwww.balkanweb.com%2F14-mije-viktima-te-paidentifikuara-perkujtohen-viktimat-e-cunamit-ne-oqeanin-indian%2F%23gsc.tab%3D0&amp;referer=https%3A%2F%2Ffax.al%2F&amp;cb=a46ec32214\" alt=\"\"\/><\/figure>\n\n\n\n<figure class=\"wp-block-image\"><img decoding=\"async\" src=\"https:\/\/ads.balkanweb.com\/www\/delivery\/lg.php?bannerid=0&amp;campaignid=0&amp;zoneid=629&amp;loc=https%3A%2F%2Fwww.balkanweb.com%2F14-mije-viktima-te-paidentifikuara-perkujtohen-viktimat-e-cunamit-ne-oqeanin-indian%2F%23gsc.tab%3D0&amp;referer=https%3A%2F%2Ffax.al%2F&amp;cb=eb8d1a473d\" alt=\"\"\/><\/figure>\n\n\n\n<p>Vet\u00ebm n\u00eb Indonezi vdiq\u00ebn m\u00eb shum\u00eb se 170.000 persona.<\/p>\n\n\n\n<p>Qindra njer\u00ebz u mblodh\u00ebn n\u00eb ceremonit\u00eb p\u00ebrkujtimore n\u00eb Banda Aceh. Sirenat u l\u00ebshuan p\u00ebr tre minuta n\u00eb mbar\u00eb qytetin p\u00ebr t\u00eb sh\u00ebnuar koh\u00ebn sa zgjati t\u00ebrmeti i fuqish\u00ebm.<\/p>\n\n\n\n<figure class=\"wp-block-image\"><img decoding=\"async\" src=\"https:\/\/ads.balkanweb.com\/www\/delivery\/lg.php?bannerid=0&amp;campaignid=0&amp;zoneid=473&amp;loc=https%3A%2F%2Fwww.balkanweb.com%2F14-mije-viktima-te-paidentifikuara-perkujtohen-viktimat-e-cunamit-ne-oqeanin-indian%2F%23gsc.tab%3D0&amp;referer=https%3A%2F%2Ffax.al%2F&amp;cb=f57568b928\" alt=\"\"\/><\/figure>\n\n\n\n<p>Tani ky qytet \u00ebsht\u00eb rind\u00ebrtuar dhe jan\u00eb vendosur sisteme paralajm\u00ebruese p\u00ebr cunami.<\/p>\n\n\n\n<p>Edhe n\u00eb Tajland\u00eb jan\u00eb organizuar ceremoni p\u00ebr t\u00eb p\u00ebrkujtuar m\u00eb shum\u00eb se 8.000 persona q\u00eb vdiq\u00ebn si pasoj\u00eb e cunamit. Af\u00ebr 400 trupa ende jan\u00eb t\u00eb paidentifikuar.<\/p>\n\n\n\n<p>Af\u00ebr 300 persona mor\u00ebn pjes\u00eb n\u00eb nj\u00eb ceremoni t\u00eb lutjeve ku kishte besimtar\u00eb mysliman\u00eb, t\u00eb krishter\u00eb dhe budist\u00eb.<\/p>\n\n\n\n<figure class=\"wp-block-image\"><img decoding=\"async\" src=\"https:\/\/ads.balkanweb.com\/www\/delivery\/lg.php?bannerid=0&amp;campaignid=0&amp;zoneid=476&amp;loc=https%3A%2F%2Fwww.balkanweb.com%2F14-mije-viktima-te-paidentifikuara-perkujtohen-viktimat-e-cunamit-ne-oqeanin-indian%2F%23gsc.tab%3D0&amp;referer=https%3A%2F%2Ffax.al%2F&amp;cb=6abe4ec050\" alt=\"\"\/><\/figure>\n\n\n\n<p>N\u00eb Indi, qytetar\u00ebt u mblodh\u00ebn n\u00eb plazhin Marina n\u00eb qytetin \u00c7enai. Ata hodh\u00ebn qum\u00ebsht n\u00eb det p\u00ebr t\u00eb qet\u00ebsuar zotat dhe ofruar lule dhe u lut\u00ebn p\u00ebr viktimat.<\/p>\n\n\n\n<p>Sipas t\u00eb dh\u00ebnave, n\u00eb Indi kan\u00eb vdekur 10.749 persona nga cunami i vitit 2004.<\/p>\n\n\n\n<p>Ceremoni p\u00ebrkujtimore jan\u00eb zhvilluar edhe n\u00eb Shri Lank\u00eb, ku u mblodh\u00ebn t\u00eb mbijetuarit dhe familjar\u00ebt e viktimave. N\u00eb k\u00ebt\u00eb shtet m\u00eb shum\u00eb se 35.000 persona kan\u00eb humbur jet\u00ebn nga fatkeq\u00ebsia natyrore q\u00eb ndodhi dy dekada m\u00eb par\u00eb.\/REL<\/p>\n","protected":false},"excerpt":{"rendered":"<p>Njer&euml;zit jan&euml; bashkuar p&euml;r t&rsquo;u lutur dhe kan&euml; vizituar varret masive n&euml; provinc&euml;n Aceh t&euml; Indonezis&euml; m&euml; 26 dhjetor p&euml;r t&euml; sh&euml;nuar 20-vjetorin e cunamit masiv n&euml; Oqeanin Indian q&euml; goditi rajonin dhe q&euml; ishte nj&euml; nga katastrofat m&euml; t&euml; k&euml;qija natyrore n&euml; historin&euml; moderne. Shum&euml; njer&euml;z vendos&euml;n lule n&euml; varrin masiv n&euml; fshatin Ule [&hellip;]<\/p>\n","protected":false},"author":2,"featured_media":39368,"comment_status":"open","ping_status":"closed","sticky":false,"template":"","format":"standard","meta":{"_monsterinsights_skip_tracking":false,"_monsterinsights_sitenote_active":false,"_monsterinsights_sitenote_note":"","_monsterinsights_sitenote_category":0,"footnotes":""},"categories":[569],"tags":[],"class_list":["post-39367","post","type-post","status-publish","format-standard","has-post-thumbnail","hentry","category-bota"],"_links":{"self":[{"href":"https:\/\/radiojehona.mk\/index.php?rest_route=\/wp\/v2\/posts\/39367","targetHints":{"allow":["GET"]}}],"collection":[{"href":"https:\/\/radiojehona.mk\/index.php?rest_route=\/wp\/v2\/posts"}],"about":[{"href":"https:\/\/radiojehona.mk\/index.php?rest_route=\/wp\/v2\/types\/post"}],"author":[{"embeddable":true,"href":"https:\/\/radiojehona.mk\/index.php?rest_route=\/wp\/v2\/users\/2"}],"replies":[{"embeddable":true,"href":"https:\/\/radiojehona.mk\/index.php?rest_route=%2Fwp%2Fv2%2Fcomments&post=39367"}],"version-history":[{"count":1,"href":"https:\/\/radiojehona.mk\/index.php?rest_route=\/wp\/v2\/posts\/39367\/revisions"}],"predecessor-version":[{"id":39369,"href":"https:\/\/radiojehona.mk\/index.php?rest_route=\/wp\/v2\/posts\/39367\/revisions\/39369"}],"wp:featuredmedia":[{"embeddable":true,"href":"https:\/\/radiojehona.mk\/index.php?rest_route=\/wp\/v2\/media\/39368"}],"wp:attachment":[{"href":"https:\/\/radiojehona.mk\/index.php?rest_route=%2Fwp%2Fv2%2Fmedia&parent=39367"}],"wp:term":[{"taxonomy":"category","embeddable":true,"href":"https:\/\/radiojehona.mk\/index.php?rest_route=%2Fwp%2Fv2%2Fcategories&post=39367"},{"taxonomy":"post_tag","embeddable":true,"href":"https:\/\/radiojehona.mk\/index.php?rest_route=%2Fwp%2Fv2%2Ftags&post=39367"}],"curies":[{"name":"wp","href":"https:\/\/api.w.org\/{rel}","templated":true}]}}