{"id":39359,"date":"2024-12-26T11:37:00","date_gmt":"2024-12-26T11:37:00","guid":{"rendered":"https:\/\/radiojehona.com\/?p=39359"},"modified":"2024-12-26T11:37:00","modified_gmt":"2024-12-26T11:37:00","slug":"zevendesministrja-e-mbrojtjes-elfet-ismaili-paralajmeron-300-punesime-te-reja-ne-armate","status":"publish","type":"post","link":"https:\/\/radiojehona.mk\/?p=39359","title":{"rendered":"Z\u00ebvend\u00ebsministrja e Mbrojtjes, Elfet Ismaili paralajm\u00ebron 300 pun\u00ebsime t\u00eb reja n\u00eb Armat\u00eb!"},"content":{"rendered":"\n<figure class=\"wp-block-image size-large\"><img fetchpriority=\"high\" decoding=\"async\" width=\"1024\" height=\"869\" src=\"https:\/\/radiojehona.com\/wp-content\/uploads\/2024\/12\/IMG_0069-1024x869.jpeg\" alt=\"\" class=\"wp-image-39360\" srcset=\"https:\/\/radiojehona.mk\/wp-content\/uploads\/2024\/12\/IMG_0069-1024x869.jpeg 1024w, https:\/\/radiojehona.mk\/wp-content\/uploads\/2024\/12\/IMG_0069-300x255.jpeg 300w, https:\/\/radiojehona.mk\/wp-content\/uploads\/2024\/12\/IMG_0069-768x652.jpeg 768w, https:\/\/radiojehona.mk\/wp-content\/uploads\/2024\/12\/IMG_0069.jpeg 1125w\" sizes=\"(max-width: 1024px) 100vw, 1024px\" \/><\/figure>\n\n\n\n<p>Z\u00ebvend\u00ebsministrja e Mbrojtjes, Elfet Ismaili, ka njoftuar se do t\u00eb hapen 300 pun\u00ebsime p\u00ebr ushtar\u00eb profesionist\u00eb t\u00eb rinj\u00eb n\u00eb Armat\u00ebn e Republik\u00ebs s\u00eb Maqedonis\u00eb s\u00eb Veriut.<\/p>\n\n\n\n<p>Lajmi \u00ebsht\u00eb b\u00ebr\u00eb i ditur p\u00ebrmes nj\u00eb postimi t\u00eb shp\u00ebrndar\u00eb n\u00eb profilin e saj n\u00eb facebook, ku z\u00ebvend\u00ebsministrja Ismaili ka ndar\u00eb nj\u00eb foto p\u00ebr k\u00ebt\u00eb proces.<\/p>\n\n\n\n<p>Ky hap i r\u00ebnd\u00ebsish\u00ebm \u00ebsht\u00eb pjes\u00eb e strategjis\u00eb p\u00ebr forcimin e kapaciteteve t\u00eb ushtris\u00eb dhe ofron mund\u00ebsi p\u00ebr t\u00eb rinjt\u00eb t\u00eb b\u00ebhen pjes\u00eb e Armat\u00ebs, duke kontribuar n\u00eb ruajtjen e siguris\u00eb dhe mbrojtjen e vendit.<\/p>\n\n\n\n<p>Ky program \u00ebsht\u00eb nj\u00eb mund\u00ebsi e shk\u00eblqyer p\u00ebr ata q\u00eb k\u00ebrkojn\u00eb t\u00eb zhvillojn\u00eb nj\u00eb karrier\u00eb profesionale n\u00eb fush\u00ebn e mbrojtjes.<\/p>\n","protected":false},"excerpt":{"rendered":"<p>Z&euml;vend&euml;sministrja e Mbrojtjes, Elfet Ismaili, ka njoftuar se do t&euml; hapen 300 pun&euml;sime p&euml;r ushtar&euml; profesionist&euml; t&euml; rinj&euml; n&euml; Armat&euml;n e Republik&euml;s s&euml; Maqedonis&euml; s&euml; Veriut. Lajmi &euml;sht&euml; b&euml;r&euml; i ditur p&euml;rmes nj&euml; postimi t&euml; shp&euml;rndar&euml; n&euml; profilin e saj n&euml; facebook, ku z&euml;vend&euml;sministrja Ismaili ka ndar&euml; nj&euml; foto p&euml;r k&euml;t&euml; proces. Ky hap i [&hellip;]<\/p>\n","protected":false},"author":2,"featured_media":39360,"comment_status":"open","ping_status":"closed","sticky":false,"template":"","format":"standard","meta":{"_monsterinsights_skip_tracking":false,"_monsterinsights_sitenote_active":false,"_monsterinsights_sitenote_note":"","_monsterinsights_sitenote_category":0,"footnotes":""},"categories":[1],"tags":[],"class_list":["post-39359","post","type-post","status-publish","format-standard","has-post-thumbnail","hentry","category-vendi"],"_links":{"self":[{"href":"https:\/\/radiojehona.mk\/index.php?rest_route=\/wp\/v2\/posts\/39359","targetHints":{"allow":["GET"]}}],"collection":[{"href":"https:\/\/radiojehona.mk\/index.php?rest_route=\/wp\/v2\/posts"}],"about":[{"href":"https:\/\/radiojehona.mk\/index.php?rest_route=\/wp\/v2\/types\/post"}],"author":[{"embeddable":true,"href":"https:\/\/radiojehona.mk\/index.php?rest_route=\/wp\/v2\/users\/2"}],"replies":[{"embeddable":true,"href":"https:\/\/radiojehona.mk\/index.php?rest_route=%2Fwp%2Fv2%2Fcomments&post=39359"}],"version-history":[{"count":2,"href":"https:\/\/radiojehona.mk\/index.php?rest_route=\/wp\/v2\/posts\/39359\/revisions"}],"predecessor-version":[{"id":39362,"href":"https:\/\/radiojehona.mk\/index.php?rest_route=\/wp\/v2\/posts\/39359\/revisions\/39362"}],"wp:featuredmedia":[{"embeddable":true,"href":"https:\/\/radiojehona.mk\/index.php?rest_route=\/wp\/v2\/media\/39360"}],"wp:attachment":[{"href":"https:\/\/radiojehona.mk\/index.php?rest_route=%2Fwp%2Fv2%2Fmedia&parent=39359"}],"wp:term":[{"taxonomy":"category","embeddable":true,"href":"https:\/\/radiojehona.mk\/index.php?rest_route=%2Fwp%2Fv2%2Fcategories&post=39359"},{"taxonomy":"post_tag","embeddable":true,"href":"https:\/\/radiojehona.mk\/index.php?rest_route=%2Fwp%2Fv2%2Ftags&post=39359"}],"curies":[{"name":"wp","href":"https:\/\/api.w.org\/{rel}","templated":true}]}}