{"id":39354,"date":"2024-12-26T11:13:57","date_gmt":"2024-12-26T11:13:57","guid":{"rendered":"https:\/\/radiojehona.com\/?p=39354"},"modified":"2024-12-26T11:34:47","modified_gmt":"2024-12-26T11:34:47","slug":"arrestohet-25-vjecari-sulmoi-dy-persona-nga-bogovina-duke-perdorur-edhe-shufer-metalike","status":"publish","type":"post","link":"https:\/\/radiojehona.mk\/?p=39354","title":{"rendered":"Arrestohet 25 vje\u00e7ari, sulmoi dy persona nga Bogovina duke p\u00ebrdorur edhe shuf\u00ebr metalike"},"content":{"rendered":"\n<figure class=\"wp-block-image size-large\"><img fetchpriority=\"high\" decoding=\"async\" width=\"1024\" height=\"646\" src=\"https:\/\/radiojehona.com\/wp-content\/uploads\/2024\/12\/IMG_0068-1024x646.jpeg\" alt=\"\" class=\"wp-image-39355\" srcset=\"https:\/\/radiojehona.mk\/wp-content\/uploads\/2024\/12\/IMG_0068-1024x646.jpeg 1024w, https:\/\/radiojehona.mk\/wp-content\/uploads\/2024\/12\/IMG_0068-300x189.jpeg 300w, https:\/\/radiojehona.mk\/wp-content\/uploads\/2024\/12\/IMG_0068-768x485.jpeg 768w, https:\/\/radiojehona.mk\/wp-content\/uploads\/2024\/12\/IMG_0068.jpeg 1125w\" sizes=\"(max-width: 1024px) 100vw, 1024px\" \/><\/figure>\n\n\n\n<p>Me dat\u00eb 25.12.2024 n\u00eb ora 11:45, zyrtar\u00ebt policor\u00eb nga NjP Kamnjan kan\u00eb privuar nga liria persnin R.T. (25) nga fshati Kamnjan.\u00a0 N\u00eb or\u00ebn 10:15\u00a0 n\u00eb NjP Kamnjan, ai \u00ebsht\u00eb raportuar nga personi A.B. (31) dhe babai i tij A.B. (54) nga fshati\u00a0 Bogovin\u00eb, se rreth or\u00ebs 10.00 i ka sulmuar fizikisht dhe sipas raportimit, gjat\u00eb sulmit ka p\u00ebrdorur edhe nj\u00eb shuf\u00ebr metalike.\u00a0 Ai \u00ebsht\u00eb ndaluar n\u00eb komisariat dhe pas dokumentimit t\u00eb rastit ndaj tij do t\u00eb b\u00ebhet kall\u00ebzimi p\u00ebrkat\u00ebs.\u00a0<\/p>\n","protected":false},"excerpt":{"rendered":"<p>Me dat&euml; 25.12.2024 n&euml; ora 11:45, zyrtar&euml;t policor&euml; nga NjP Kamnjan kan&euml; privuar nga liria persnin R.T. (25) nga fshati Kamnjan.&nbsp; N&euml; or&euml;n 10:15&nbsp; n&euml; NjP Kamnjan, ai &euml;sht&euml; raportuar nga personi A.B. (31) dhe babai i tij A.B. (54) nga fshati&nbsp; Bogovin&euml;, se rreth or&euml;s 10.00 i ka sulmuar fizikisht dhe sipas raportimit, gjat&euml; [&hellip;]<\/p>\n","protected":false},"author":2,"featured_media":39355,"comment_status":"open","ping_status":"closed","sticky":false,"template":"","format":"standard","meta":{"_monsterinsights_skip_tracking":false,"_monsterinsights_sitenote_active":false,"_monsterinsights_sitenote_note":"","_monsterinsights_sitenote_category":0,"footnotes":""},"categories":[1],"tags":[],"class_list":["post-39354","post","type-post","status-publish","format-standard","has-post-thumbnail","hentry","category-vendi"],"_links":{"self":[{"href":"https:\/\/radiojehona.mk\/index.php?rest_route=\/wp\/v2\/posts\/39354","targetHints":{"allow":["GET"]}}],"collection":[{"href":"https:\/\/radiojehona.mk\/index.php?rest_route=\/wp\/v2\/posts"}],"about":[{"href":"https:\/\/radiojehona.mk\/index.php?rest_route=\/wp\/v2\/types\/post"}],"author":[{"embeddable":true,"href":"https:\/\/radiojehona.mk\/index.php?rest_route=\/wp\/v2\/users\/2"}],"replies":[{"embeddable":true,"href":"https:\/\/radiojehona.mk\/index.php?rest_route=%2Fwp%2Fv2%2Fcomments&post=39354"}],"version-history":[{"count":2,"href":"https:\/\/radiojehona.mk\/index.php?rest_route=\/wp\/v2\/posts\/39354\/revisions"}],"predecessor-version":[{"id":39358,"href":"https:\/\/radiojehona.mk\/index.php?rest_route=\/wp\/v2\/posts\/39354\/revisions\/39358"}],"wp:featuredmedia":[{"embeddable":true,"href":"https:\/\/radiojehona.mk\/index.php?rest_route=\/wp\/v2\/media\/39355"}],"wp:attachment":[{"href":"https:\/\/radiojehona.mk\/index.php?rest_route=%2Fwp%2Fv2%2Fmedia&parent=39354"}],"wp:term":[{"taxonomy":"category","embeddable":true,"href":"https:\/\/radiojehona.mk\/index.php?rest_route=%2Fwp%2Fv2%2Fcategories&post=39354"},{"taxonomy":"post_tag","embeddable":true,"href":"https:\/\/radiojehona.mk\/index.php?rest_route=%2Fwp%2Fv2%2Ftags&post=39354"}],"curies":[{"name":"wp","href":"https:\/\/api.w.org\/{rel}","templated":true}]}}