{"id":39351,"date":"2024-12-26T11:12:13","date_gmt":"2024-12-26T11:12:13","guid":{"rendered":"https:\/\/radiojehona.com\/?p=39351"},"modified":"2024-12-26T11:12:14","modified_gmt":"2024-12-26T11:12:14","slug":"ndalohet-qarkullimi-i-automjeteve-te-renda-ne-rrugen-gostivar-mavrove-diber","status":"publish","type":"post","link":"https:\/\/radiojehona.mk\/?p=39351","title":{"rendered":"Ndalohet qarkullimi i automjeteve t\u00eb r\u00ebnda n\u00eb rrug\u00ebn Gostivar-Mavrov\u00eb-Dib\u00ebr"},"content":{"rendered":"\n<figure class=\"wp-block-image size-large\"><img fetchpriority=\"high\" decoding=\"async\" width=\"1024\" height=\"576\" src=\"https:\/\/radiojehona.com\/wp-content\/uploads\/2024\/12\/IMG_0067-1024x576.jpeg\" alt=\"\" class=\"wp-image-39352\" srcset=\"https:\/\/radiojehona.mk\/wp-content\/uploads\/2024\/12\/IMG_0067-1024x576.jpeg 1024w, https:\/\/radiojehona.mk\/wp-content\/uploads\/2024\/12\/IMG_0067-300x169.jpeg 300w, https:\/\/radiojehona.mk\/wp-content\/uploads\/2024\/12\/IMG_0067-768x432.jpeg 768w, https:\/\/radiojehona.mk\/wp-content\/uploads\/2024\/12\/IMG_0067-800x450.jpeg 800w, https:\/\/radiojehona.mk\/wp-content\/uploads\/2024\/12\/IMG_0067.jpeg 1125w\" sizes=\"(max-width: 1024px) 100vw, 1024px\" \/><\/figure>\n\n\n\n<p>Lidhja Auto-Moto e Maqedonis\u00eb njofton se komunikacioni n\u00eb vend po zhvillohet n\u00eb kushte dim\u00ebrore dhe n\u00eb rrug\u00eb me lag\u00ebshti.<\/p>\n\n\n\n<p><br>Nga atje njoftojn\u00eb se nga ora 06:00 ka ndales\u00eb t\u00eb qarkullimit p\u00ebr automjetet e r\u00ebnda n\u00eb rrug\u00ebn Gostivar-Mavrov\u00eb-Dib\u00ebr dhe anasjelltas.<\/p>\n\n\n\n<p>Ndales\u00eb t\u00eb qarkullimit p\u00ebr automjetet e r\u00ebnda vazhdon t\u00eb ket\u00eb edhe n\u00eb rrug\u00ebn Tetov\u00eb-Kodra e Diellit.<\/p>\n\n\n\n<p>Nga LAMM njoftojn\u00eb se komunikacioni jasht\u00eb mjediseve urbane po zhvillohet me intensitet t\u00eb moderuar. N\u00eb vendkalimet kufitare nuk ka pritje t\u00eb gjata p\u00ebr hyrje dhe dalje nga vendi.<\/p>\n","protected":false},"excerpt":{"rendered":"<p>Lidhja Auto-Moto e Maqedonis&euml; njofton se komunikacioni n&euml; vend po zhvillohet n&euml; kushte dim&euml;rore dhe n&euml; rrug&euml; me lag&euml;shti. Nga atje njoftojn&euml; se nga ora 06:00 ka ndales&euml; t&euml; qarkullimit p&euml;r automjetet e r&euml;nda n&euml; rrug&euml;n Gostivar-Mavrov&euml;-Dib&euml;r dhe anasjelltas. Ndales&euml; t&euml; qarkullimit p&euml;r automjetet e r&euml;nda vazhdon t&euml; ket&euml; edhe n&euml; rrug&euml;n Tetov&euml;-Kodra e Diellit. [&hellip;]<\/p>\n","protected":false},"author":2,"featured_media":39352,"comment_status":"open","ping_status":"closed","sticky":false,"template":"","format":"standard","meta":{"_monsterinsights_skip_tracking":false,"_monsterinsights_sitenote_active":false,"_monsterinsights_sitenote_note":"","_monsterinsights_sitenote_category":0,"footnotes":""},"categories":[1],"tags":[],"class_list":["post-39351","post","type-post","status-publish","format-standard","has-post-thumbnail","hentry","category-vendi"],"_links":{"self":[{"href":"https:\/\/radiojehona.mk\/index.php?rest_route=\/wp\/v2\/posts\/39351","targetHints":{"allow":["GET"]}}],"collection":[{"href":"https:\/\/radiojehona.mk\/index.php?rest_route=\/wp\/v2\/posts"}],"about":[{"href":"https:\/\/radiojehona.mk\/index.php?rest_route=\/wp\/v2\/types\/post"}],"author":[{"embeddable":true,"href":"https:\/\/radiojehona.mk\/index.php?rest_route=\/wp\/v2\/users\/2"}],"replies":[{"embeddable":true,"href":"https:\/\/radiojehona.mk\/index.php?rest_route=%2Fwp%2Fv2%2Fcomments&post=39351"}],"version-history":[{"count":1,"href":"https:\/\/radiojehona.mk\/index.php?rest_route=\/wp\/v2\/posts\/39351\/revisions"}],"predecessor-version":[{"id":39353,"href":"https:\/\/radiojehona.mk\/index.php?rest_route=\/wp\/v2\/posts\/39351\/revisions\/39353"}],"wp:featuredmedia":[{"embeddable":true,"href":"https:\/\/radiojehona.mk\/index.php?rest_route=\/wp\/v2\/media\/39352"}],"wp:attachment":[{"href":"https:\/\/radiojehona.mk\/index.php?rest_route=%2Fwp%2Fv2%2Fmedia&parent=39351"}],"wp:term":[{"taxonomy":"category","embeddable":true,"href":"https:\/\/radiojehona.mk\/index.php?rest_route=%2Fwp%2Fv2%2Fcategories&post=39351"},{"taxonomy":"post_tag","embeddable":true,"href":"https:\/\/radiojehona.mk\/index.php?rest_route=%2Fwp%2Fv2%2Ftags&post=39351"}],"curies":[{"name":"wp","href":"https:\/\/api.w.org\/{rel}","templated":true}]}}