{"id":39348,"date":"2024-12-25T11:22:51","date_gmt":"2024-12-25T11:22:51","guid":{"rendered":"https:\/\/radiojehona.com\/?p=39348"},"modified":"2024-12-25T11:22:51","modified_gmt":"2024-12-25T11:22:51","slug":"zv-ministrja-e-sportit-safije-sadiki-shaini-kemi-ndare-mbi-1-milione-e-gjysme-euro-per-klubet-shqiptare","status":"publish","type":"post","link":"https:\/\/radiojehona.mk\/?p=39348","title":{"rendered":"Zv\/ministrja e Sportit, Safije Sadiki Shaini: Kemi ndar\u00eb mbi 1 milion\u00eb e gjysm\u00eb euro p\u00ebr klubet shqiptare"},"content":{"rendered":"\n<figure class=\"wp-block-image size-large\"><img fetchpriority=\"high\" decoding=\"async\" width=\"1024\" height=\"672\" src=\"https:\/\/radiojehona.com\/wp-content\/uploads\/2024\/12\/IMG_0061-1024x672.jpeg\" alt=\"\" class=\"wp-image-39349\" srcset=\"https:\/\/radiojehona.mk\/wp-content\/uploads\/2024\/12\/IMG_0061-1024x672.jpeg 1024w, https:\/\/radiojehona.mk\/wp-content\/uploads\/2024\/12\/IMG_0061-300x197.jpeg 300w, https:\/\/radiojehona.mk\/wp-content\/uploads\/2024\/12\/IMG_0061-768x504.jpeg 768w, https:\/\/radiojehona.mk\/wp-content\/uploads\/2024\/12\/IMG_0061.jpeg 1125w\" sizes=\"(max-width: 1024px) 100vw, 1024px\" \/><\/figure>\n\n\n\n<p>Zv\/ministrja n\u00eb ministrin\u00eb e Sportit, Safije Sadiki Shaini, ka deklaruar se me ardhjen e qeveris\u00eb s\u00eb VLEN-it, ka filluar nj\u00eb epok\u00eb e re p\u00ebr sportin n\u00eb vendin ton\u00eb.<br>Ajo ka deklaruar se nga fondi prej 8.588.262 eurosh, mbi 1 milion e gjysm\u00eb euro jan\u00eb ndar\u00eb ekskluzivisht p\u00ebr klubet sportive shqiptare.<br>\u201cGj\u00ebrat tani kan\u00eb ndryshuar dhe sportist\u00ebve shqiptar\u00eb po u hapim mund\u00ebsi t\u00eb reja. Ndryshimi n\u00eb pushtet ka pasur ndikim pozitiv n\u00eb \u00e7do sektor, p\u00ebrfshir\u00eb sportin. N\u00eb sport nuk ka vend p\u00ebr ndarje apo diskriminim. Kjo \u00ebsht\u00eb nj\u00eb tragjedi e s\u00eb kaluar\u00ebs q\u00eb tashm\u00eb ka mbaruar!<br>Sot, me VLEN-in n\u00eb pushtet, sporti dhe klubet shqiptare po marrin mb\u00ebshtetje t\u00eb merituar q\u00eb u ka munguar gjat\u00eb viteve t\u00eb fundit.<br>Nd\u00ebrkaq, kemi ndar\u00eb 500 bursa p\u00ebr talentet e rinj sportiv. Ne do t\u00eb vazhdojm\u00eb k\u00ebt\u00eb praktik\u00eb edhe n\u00eb t\u00eb ardhmen dhe do t\u00eb p\u00ebrpiqemi t\u00eb rrisim ndihmat dhe q\u00eb k\u00ebta talent t\u00eb rinj t\u00eb marrin m\u00eb shum\u00eb mb\u00ebshtetje nga shteti. Ky \u00ebsht\u00eb nj\u00eb hap tjet\u00ebr me t\u00eb cilin tregojm\u00eb se kujdesemi p\u00ebr t\u00eb rinjt\u00eb dhe t\u00eb ardhmen, e cila p\u00ebr ne ka nj\u00eb r\u00ebnd\u00ebsi t\u00eb madhe n\u00eb promovimin e nj\u00eb shoq\u00ebrie t\u00eb sh\u00ebndetshme dhe nd\u00ebrtimin e vlerave reale.<br>T\u00eb nderuar,<br>Ju njoftoj q\u00eb si qeveri kemi kaluar Programin p\u00ebr objektet sportive p\u00ebr vitin 2024.<br>Disa objekte sportive tashm\u00eb jan\u00eb duke u rikonstrukuar, nd\u00ebrsa pjes\u00ebt tjera q\u00eb pritet t\u00eb rikonstruohen jan\u00eb:<br>-Nd\u00ebrtimi i nj\u00eb fushe futbolli n\u00eb fshatin Oktis n\u00eb Komun\u00ebn e Strug\u00ebs;<br>\u2013 Rikonstruimi i fush\u00ebs s\u00eb futbollit n\u00eb fshatin Cegran\u00eb, Komuna e Gostivarit;<br>\u2013 Sanimi i fush\u00ebs s\u00eb futbollit n\u00eb Tetov\u00eb;<br>\u2013 Sanimi i k\u00ebndeve t\u00eb loj\u00ebrave n\u00ebp\u00ebr lagje;<br>\u2013 Vendosja e rampave n\u00eb objektet sportive p\u00ebr persona me nevoja t\u00eb ve\u00e7anta;<br>\u2013 Nd\u00ebrtimi i 14 pishinave t\u00eb mbyllura n\u00ebp\u00ebr shkolla, etj.<br>Ne, kujdesemi p\u00ebr qytetar\u00ebt, sepse Ndryshimi VLEN. Ndryshimi nuk \u00ebsht\u00eb vet\u00ebm nj\u00eb premtim, por realitet i bazuar n\u00eb vepra konkrete. Me VLEN-in, sporti n\u00eb p\u00ebrgjith\u00ebsi n\u00eb Maqedonin\u00eb e Veriut po p\u00ebrjeton nj\u00eb ringjallje t\u00eb v\u00ebrtet\u00eb\u201d, ka deklaruar zv\/ministrja Safije Sadiki Shaini.<\/p>\n","protected":false},"excerpt":{"rendered":"<p>Zv\/ministrja n&euml; ministrin&euml; e Sportit, Safije Sadiki Shaini, ka deklaruar se me ardhjen e qeveris&euml; s&euml; VLEN-it, ka filluar nj&euml; epok&euml; e re p&euml;r sportin n&euml; vendin ton&euml;.Ajo ka deklaruar se nga fondi prej 8.588.262 eurosh, mbi 1 milion e gjysm&euml; euro jan&euml; ndar&euml; ekskluzivisht p&euml;r klubet sportive shqiptare.&ldquo;Gj&euml;rat tani kan&euml; ndryshuar dhe sportist&euml;ve shqiptar&euml; [&hellip;]<\/p>\n","protected":false},"author":2,"featured_media":39349,"comment_status":"open","ping_status":"closed","sticky":false,"template":"","format":"standard","meta":{"_monsterinsights_skip_tracking":false,"_monsterinsights_sitenote_active":false,"_monsterinsights_sitenote_note":"","_monsterinsights_sitenote_category":0,"footnotes":""},"categories":[1],"tags":[],"class_list":["post-39348","post","type-post","status-publish","format-standard","has-post-thumbnail","hentry","category-vendi"],"_links":{"self":[{"href":"https:\/\/radiojehona.mk\/index.php?rest_route=\/wp\/v2\/posts\/39348","targetHints":{"allow":["GET"]}}],"collection":[{"href":"https:\/\/radiojehona.mk\/index.php?rest_route=\/wp\/v2\/posts"}],"about":[{"href":"https:\/\/radiojehona.mk\/index.php?rest_route=\/wp\/v2\/types\/post"}],"author":[{"embeddable":true,"href":"https:\/\/radiojehona.mk\/index.php?rest_route=\/wp\/v2\/users\/2"}],"replies":[{"embeddable":true,"href":"https:\/\/radiojehona.mk\/index.php?rest_route=%2Fwp%2Fv2%2Fcomments&post=39348"}],"version-history":[{"count":1,"href":"https:\/\/radiojehona.mk\/index.php?rest_route=\/wp\/v2\/posts\/39348\/revisions"}],"predecessor-version":[{"id":39350,"href":"https:\/\/radiojehona.mk\/index.php?rest_route=\/wp\/v2\/posts\/39348\/revisions\/39350"}],"wp:featuredmedia":[{"embeddable":true,"href":"https:\/\/radiojehona.mk\/index.php?rest_route=\/wp\/v2\/media\/39349"}],"wp:attachment":[{"href":"https:\/\/radiojehona.mk\/index.php?rest_route=%2Fwp%2Fv2%2Fmedia&parent=39348"}],"wp:term":[{"taxonomy":"category","embeddable":true,"href":"https:\/\/radiojehona.mk\/index.php?rest_route=%2Fwp%2Fv2%2Fcategories&post=39348"},{"taxonomy":"post_tag","embeddable":true,"href":"https:\/\/radiojehona.mk\/index.php?rest_route=%2Fwp%2Fv2%2Ftags&post=39348"}],"curies":[{"name":"wp","href":"https:\/\/api.w.org\/{rel}","templated":true}]}}