{"id":39344,"date":"2024-12-25T11:18:56","date_gmt":"2024-12-25T11:18:56","guid":{"rendered":"https:\/\/radiojehona.com\/?p=39344"},"modified":"2024-12-25T11:18:56","modified_gmt":"2024-12-25T11:18:56","slug":"ne-kuvend-do-te-mbajne-seanca-pese-komisione","status":"publish","type":"post","link":"https:\/\/radiojehona.mk\/?p=39344","title":{"rendered":"N\u00eb Kuvend do t\u00eb mbajn\u00eb seanca pes\u00eb komisione"},"content":{"rendered":"\n<figure class=\"wp-block-image size-large\"><img fetchpriority=\"high\" decoding=\"async\" width=\"1024\" height=\"608\" src=\"https:\/\/radiojehona.com\/wp-content\/uploads\/2024\/12\/IMG_0059-1024x608.jpeg\" alt=\"\" class=\"wp-image-39345\" srcset=\"https:\/\/radiojehona.mk\/wp-content\/uploads\/2024\/12\/IMG_0059-1024x608.jpeg 1024w, https:\/\/radiojehona.mk\/wp-content\/uploads\/2024\/12\/IMG_0059-300x178.jpeg 300w, https:\/\/radiojehona.mk\/wp-content\/uploads\/2024\/12\/IMG_0059-768x456.jpeg 768w, https:\/\/radiojehona.mk\/wp-content\/uploads\/2024\/12\/IMG_0059.jpeg 1125w\" sizes=\"(max-width: 1024px) 100vw, 1024px\" \/><\/figure>\n\n\n\n<p>N\u00eb Kuvend p\u00ebr sot jan\u00eb caktuar seanca t\u00eb pes\u00eb komisioneve \u2013 Komisionit p\u00ebr transport, transformim digjital, mjedis jet\u00ebsor dhe planifikim hap\u00ebsinor, Komisionit p\u00ebr \u00e7\u00ebshtje ekonomike, pun\u00ebs dhe politik\u00ebs s\u00eb energjis\u00eb , Komisionit p\u00ebr financim dhe buxhet, Komisionit p\u00ebr sistem politik dhe marr\u00ebdh\u00ebnie nd\u00ebrmjet bashk\u00ebsive dhe Komisionit juridiko-ligjv\u00ebn\u00ebs.<\/p>\n\n\n\n<figure class=\"wp-block-image\"><img decoding=\"async\" src=\"https:\/\/ads.tetovasot.com\/www\/delivery\/lg.php?bannerid=0&amp;campaignid=0&amp;zoneid=175&amp;loc=https%3A%2F%2Fwww.tetovasot.com%2F2024%2F12%2Fne-kuvend-do-te-mbajne-seanca-pese-komisione%2F&amp;referer=https%3A%2F%2Ffax.al%2F&amp;cb=b3397e9f75\" alt=\"\"\/><\/figure>\n\n\n\n<p>An\u00ebtar\u00ebt e Komisionit p\u00ebr transport, transformim digjital, mjedis jet\u00ebsor dhe planifikim hap\u00ebsinor do t\u00eb debatojn\u00eb p\u00ebr Propozim-ligjet p\u00ebr ndryshimin dhe plot\u00ebsimin e Ligjit p\u00ebr menaxhimin elektronik dhe sh\u00ebrbimet elektronike, Ligjit p\u00ebr dokumente elektronike, identifikim elektronik dhe sh\u00ebrbime konfidenciale, Ligjit p\u00ebr organizmat e modifikuar gjenetikisht, Ligjit p\u00ebr cil\u00ebsin\u00eb e ajrit t\u00eb ambientit, Ligjit p\u00ebr menaxhimin e baterive dhe akumulator\u00ebve dhe mbeturinave t\u00eb baterive dhe akumulator\u00ebve, Ligjit p\u00ebr menaxhimin e hedhurinave. Gjithashtu edhe p\u00ebr ndryshimet e propozuara t\u00eb Ligjit p\u00ebr mbrojtje nga zhurmat n\u00eb mjedisin jet\u00ebsor, Ligjit p\u00ebr mbrojtjen e mjedisit jet\u00ebsor, Ligjit p\u00ebr Uj\u00ebra, Ligjit p\u00ebr menaxhim me paketim dhe mbeturina nga paketimi dhe Ligjit p\u00ebr mbrojtjen e natyr\u00ebs, t\u00eb gjitha n\u00eb lexim t\u00eb dyt\u00eb.<\/p>\n\n\n\n<figure class=\"wp-block-image\"><img decoding=\"async\" src=\"https:\/\/ads.tetovasot.com\/www\/delivery\/lg.php?bannerid=0&amp;campaignid=0&amp;zoneid=212&amp;loc=https%3A%2F%2Fwww.tetovasot.com%2F2024%2F12%2Fne-kuvend-do-te-mbajne-seanca-pese-komisione%2F&amp;referer=https%3A%2F%2Ffax.al%2F&amp;cb=ebc612bd9e\" alt=\"\"\/><\/figure>\n\n\n\n<figure class=\"wp-block-image\"><img decoding=\"async\" src=\"https:\/\/ads.tetovasot.com\/www\/delivery\/lg.php?bannerid=0&amp;campaignid=0&amp;zoneid=176&amp;loc=https%3A%2F%2Fwww.tetovasot.com%2F2024%2F12%2Fne-kuvend-do-te-mbajne-seanca-pese-komisione%2F&amp;referer=https%3A%2F%2Ffax.al%2F&amp;cb=4a7ed2e2f0\" alt=\"\"\/><\/figure>\n\n\n\n<p>Para an\u00ebtar\u00ebve t\u00eb Komisionit p\u00ebr \u00e7\u00ebshtje ekonomike, pun\u00ebs dhe politik\u00ebs s\u00eb energjis\u00eb p\u00ebr debat \u00ebsht\u00eb Propozimi i Ligjit p\u00ebr rroga dhe kompensimet tjera t\u00eb personave t\u00eb zgjedhur dhe t\u00eb em\u00ebruar n\u00eb Republik\u00ebn e Maqedonis\u00eb, me procedur\u00eb t\u00eb shkurtuar, nd\u00ebrsa e Komisionit p\u00ebr financim dhe buxhet Propozim-ligj p\u00ebr ndryshimin dhe plot\u00ebsimin e Ligjit p\u00ebr buxhete, me procedur\u00eb t\u00eb shkurtuar \u2013<\/p>\n\n\n\n<figure class=\"wp-block-image\"><img decoding=\"async\" src=\"https:\/\/ads.tetovasot.com\/www\/delivery\/lg.php?bannerid=0&amp;campaignid=0&amp;zoneid=175&amp;loc=https%3A%2F%2Fwww.tetovasot.com%2F2024%2F12%2Fne-kuvend-do-te-mbajne-seanca-pese-komisione%2F&amp;referer=https%3A%2F%2Ffax.al%2F&amp;cb=e9090f04d2\" alt=\"\"\/><\/figure>\n\n\n\n<p>Komisioni p\u00ebr sistem politik dhe marr\u00ebdh\u00ebnie nd\u00ebrmjet bashk\u00ebsive do t\u00eb debatoj\u00eb p\u00ebr propozim-ligjet p\u00ebr ndryshimin e Ligjit p\u00ebr rrogat e gjykat\u00ebsve, Ligjit p\u00ebr rrogat e an\u00ebtar\u00ebve t\u00eb K\u00ebshillit Gjyq\u00ebsor t\u00eb Republik\u00ebs s\u00eb Maqedonis\u00eb, Ligjit p\u00ebr rrogat e prokuror\u00ebve publik\u00eb, Ligjit p\u00ebr rrogat e an\u00ebtar\u00ebve t\u00eb k\u00ebshillit t\u00eb prokuror\u00ebve publik\u00eb t\u00eb Republik\u00ebs s\u00eb Maqedonis\u00eb s\u00eb Veriut, Ligjit p\u00ebr deputet\u00ebt, Ligjit p\u00ebr inspeksion administrativ dhe Ligjit p\u00ebr mbik\u00ebqyrje inspektuese, t\u00eb gjitha me procedur\u00eb t\u00eb shkurtuar.<\/p>\n\n\n\n<figure class=\"wp-block-image\"><img decoding=\"async\" src=\"https:\/\/ads.tetovasot.com\/www\/delivery\/lg.php?bannerid=0&amp;campaignid=0&amp;zoneid=189&amp;loc=https%3A%2F%2Fwww.tetovasot.com%2F2024%2F12%2Fne-kuvend-do-te-mbajne-seanca-pese-komisione%2F&amp;referer=https%3A%2F%2Ffax.al%2F&amp;cb=25fdf7a167\" alt=\"\"\/><\/figure>\n\n\n\n<p>An\u00ebtar\u00ebt e Komisionit juridiko-ligjv\u00ebn\u00ebs do t\u00eb diskutojn\u00eb p\u00ebr Propozim-ligjin p\u00ebr ndryshimin e Ligjit p\u00ebr rroga dhe kompenstime tjera t\u00eb personave t\u00eb zgjedhur dhe em\u00ebruar n\u00eb Republik\u00ebn e Maqedonis\u00eb s\u00eb Veriut, Propozim-ligjin p\u00ebr ndryshimin dhe plot\u00ebsimin e Ligjit p\u00ebr buxhete, propozim-ligjin p\u00ebr ndryshimin e Ligjit p\u00ebr rroga t\u00eb gjykat\u00ebsve, Ligjit p\u00ebr rrogat e an\u00ebtar\u00ebve t\u00eb K\u00ebshillit Gjyq\u00ebsor t\u00eb Republik\u00ebs s\u00eb Maqedonis\u00eb s\u00eb Veriut, Ligjit p\u00ebr rrogat e prokuror\u00ebve publik\u00eb, Ligjit p\u00ebr rrogat e an\u00ebtar\u00ebve t\u00eb K\u00ebshillit t\u00eb prokuror\u00ebve publik\u00eb t\u00eb Republik\u00ebs s\u00eb Maqedonis\u00eb, Ligjit p\u00ebr inspektim administrativ dhe Ligjit p\u00ebr mbik\u00ebqyrje inspektuese, si dhe Propozim-ligjit p\u00ebr ndryshimin e Ligjit p\u00ebr deputet\u00eb, t\u00eb gjitha me procedur\u00eb t\u00eb shkurtuar.<\/p>\n","protected":false},"excerpt":{"rendered":"<p>N&euml; Kuvend p&euml;r sot jan&euml; caktuar seanca t&euml; pes&euml; komisioneve &ndash; Komisionit p&euml;r transport, transformim digjital, mjedis jet&euml;sor dhe planifikim hap&euml;sinor, Komisionit p&euml;r &ccedil;&euml;shtje ekonomike, pun&euml;s dhe politik&euml;s s&euml; energjis&euml; , Komisionit p&euml;r financim dhe buxhet, Komisionit p&euml;r sistem politik dhe marr&euml;dh&euml;nie nd&euml;rmjet bashk&euml;sive dhe Komisionit juridiko-ligjv&euml;n&euml;s. An&euml;tar&euml;t e Komisionit p&euml;r transport, transformim digjital, mjedis [&hellip;]<\/p>\n","protected":false},"author":2,"featured_media":39345,"comment_status":"open","ping_status":"closed","sticky":false,"template":"","format":"standard","meta":{"_monsterinsights_skip_tracking":false,"_monsterinsights_sitenote_active":false,"_monsterinsights_sitenote_note":"","_monsterinsights_sitenote_category":0,"footnotes":""},"categories":[1],"tags":[],"class_list":["post-39344","post","type-post","status-publish","format-standard","has-post-thumbnail","hentry","category-vendi"],"_links":{"self":[{"href":"https:\/\/radiojehona.mk\/index.php?rest_route=\/wp\/v2\/posts\/39344","targetHints":{"allow":["GET"]}}],"collection":[{"href":"https:\/\/radiojehona.mk\/index.php?rest_route=\/wp\/v2\/posts"}],"about":[{"href":"https:\/\/radiojehona.mk\/index.php?rest_route=\/wp\/v2\/types\/post"}],"author":[{"embeddable":true,"href":"https:\/\/radiojehona.mk\/index.php?rest_route=\/wp\/v2\/users\/2"}],"replies":[{"embeddable":true,"href":"https:\/\/radiojehona.mk\/index.php?rest_route=%2Fwp%2Fv2%2Fcomments&post=39344"}],"version-history":[{"count":2,"href":"https:\/\/radiojehona.mk\/index.php?rest_route=\/wp\/v2\/posts\/39344\/revisions"}],"predecessor-version":[{"id":39347,"href":"https:\/\/radiojehona.mk\/index.php?rest_route=\/wp\/v2\/posts\/39344\/revisions\/39347"}],"wp:featuredmedia":[{"embeddable":true,"href":"https:\/\/radiojehona.mk\/index.php?rest_route=\/wp\/v2\/media\/39345"}],"wp:attachment":[{"href":"https:\/\/radiojehona.mk\/index.php?rest_route=%2Fwp%2Fv2%2Fmedia&parent=39344"}],"wp:term":[{"taxonomy":"category","embeddable":true,"href":"https:\/\/radiojehona.mk\/index.php?rest_route=%2Fwp%2Fv2%2Fcategories&post=39344"},{"taxonomy":"post_tag","embeddable":true,"href":"https:\/\/radiojehona.mk\/index.php?rest_route=%2Fwp%2Fv2%2Ftags&post=39344"}],"curies":[{"name":"wp","href":"https:\/\/api.w.org\/{rel}","templated":true}]}}