{"id":39340,"date":"2024-12-25T11:15:04","date_gmt":"2024-12-25T11:15:04","guid":{"rendered":"https:\/\/radiojehona.com\/?p=39340"},"modified":"2024-12-25T11:15:04","modified_gmt":"2024-12-25T11:15:04","slug":"ivanovski-policia-financiare-po-heton-prejardhjen-e-pasurise-se-ish-zyrtareve","status":"publish","type":"post","link":"https:\/\/radiojehona.mk\/?p=39340","title":{"rendered":"Ivanovski: Policia Financiare po heton prejardhjen e pasuris\u00eb s\u00eb ish-zyrtar\u00ebve"},"content":{"rendered":"\n<figure class=\"wp-block-image size-large\"><img fetchpriority=\"high\" decoding=\"async\" width=\"1024\" height=\"677\" src=\"https:\/\/radiojehona.com\/wp-content\/uploads\/2024\/12\/IMG_0058-1024x677.jpeg\" alt=\"\" class=\"wp-image-39341\" srcset=\"https:\/\/radiojehona.mk\/wp-content\/uploads\/2024\/12\/IMG_0058-1024x677.jpeg 1024w, https:\/\/radiojehona.mk\/wp-content\/uploads\/2024\/12\/IMG_0058-300x198.jpeg 300w, https:\/\/radiojehona.mk\/wp-content\/uploads\/2024\/12\/IMG_0058-768x508.jpeg 768w, https:\/\/radiojehona.mk\/wp-content\/uploads\/2024\/12\/IMG_0058.jpeg 1125w\" sizes=\"(max-width: 1024px) 100vw, 1024px\" \/><\/figure>\n\n\n\n<p>Sllobodan Ivanovski, u.d. Drejtori i Drejtoris\u00eb s\u00eb Policis\u00eb Financiare, njofton se tashm\u00eb jan\u00eb nisur dy nisma p\u00ebr t\u00eb kontrolluar origjin\u00ebn e pasuris\u00eb s\u00eb ish-zyrtar\u00ebve, nj\u00ebri prej t\u00eb cil\u00ebve ishte gjyqtar i koh\u00ebve t\u00eb fundit. Po punohet n\u00eb disa raste, nd\u00ebrsa nga EMV tashm\u00eb \u00ebsht\u00eb sekuestruar dokumentacioni p\u00ebr prokurimet publike t\u00eb dyshimta t\u00eb kryera n\u00eb periudh\u00ebn 2021-2022.<\/p>\n\n\n\n<p>\u201cDrejtoria tashm\u00eb \u00ebsht\u00eb duke vepruar sipas dy iniciativave t\u00eb pranuara nga Prokuroria Themelore Publike p\u00ebr Krim t\u00eb Organizuar dhe Korrupsion, e cila ka nisur procedur\u00ebn p\u00ebr identifikimin, zbulimin dhe lokalizimin e asaj pasurie. Jemi n\u00eb faz\u00ebn fillestare, po kryejm\u00eb kontrollet fillestare dhe po mbledhim t\u00eb dh\u00ebnat e nevojshme nga institucionet e tjera. Nj\u00eb nga nismat e paraqitura p\u00ebrfshin nj\u00eb ish-gjyqtar\u201d, tha Ivanovski p\u00ebr \u201cFaktor\u201d.<\/p>\n\n\n\n<p>Ai tha se po punohet p\u00ebr disa raste ku p\u00ebrmendi edhe SHA EMV.<\/p>\n\n\n\n<p>\u201cP\u00ebr momentin po punohet n\u00eb disa raste p\u00ebr t\u00eb cilat sigurohet dokumentacioni, nj\u00eb prej tyre \u00ebsht\u00eb SHA EMV, ku \u00ebsht\u00eb konfiskuar dokumentacioni p\u00ebr procedurat e prokurimit publik p\u00ebr vitin 2021-2022 dhe pas analizave p\u00ebr k\u00ebt\u00eb do t\u00eb njoftohet Prokuroria Publike. Nuk do t\u00eb doja t\u00eb paraqes detaje rreth k\u00ebtij hetimi, sepse sipas Ligjit p\u00ebr Procedur\u00ebn Penale, procedura para hetimit \u00ebsht\u00eb e fsheht\u00eb. N\u00eb t\u00eb ardhmen, opinioni do t\u00eb jet\u00eb d\u00ebshmitar i rasteve relativisht t\u00eb m\u00ebdha ku d\u00ebmi buxhetit i shkaktohet n\u00eb p\u00ebrmasa t\u00eb m\u00ebdha\u201d, tha Ivanovski.<\/p>\n","protected":false},"excerpt":{"rendered":"<p>Sllobodan Ivanovski, u.d. Drejtori i Drejtoris&euml; s&euml; Policis&euml; Financiare, njofton se tashm&euml; jan&euml; nisur dy nisma p&euml;r t&euml; kontrolluar origjin&euml;n e pasuris&euml; s&euml; ish-zyrtar&euml;ve, nj&euml;ri prej t&euml; cil&euml;ve ishte gjyqtar i koh&euml;ve t&euml; fundit. Po punohet n&euml; disa raste, nd&euml;rsa nga EMV tashm&euml; &euml;sht&euml; sekuestruar dokumentacioni p&euml;r prokurimet publike t&euml; dyshimta t&euml; kryera n&euml; periudh&euml;n [&hellip;]<\/p>\n","protected":false},"author":2,"featured_media":39341,"comment_status":"open","ping_status":"closed","sticky":false,"template":"","format":"standard","meta":{"_monsterinsights_skip_tracking":false,"_monsterinsights_sitenote_active":false,"_monsterinsights_sitenote_note":"","_monsterinsights_sitenote_category":0,"footnotes":""},"categories":[1],"tags":[],"class_list":["post-39340","post","type-post","status-publish","format-standard","has-post-thumbnail","hentry","category-vendi"],"_links":{"self":[{"href":"https:\/\/radiojehona.mk\/index.php?rest_route=\/wp\/v2\/posts\/39340","targetHints":{"allow":["GET"]}}],"collection":[{"href":"https:\/\/radiojehona.mk\/index.php?rest_route=\/wp\/v2\/posts"}],"about":[{"href":"https:\/\/radiojehona.mk\/index.php?rest_route=\/wp\/v2\/types\/post"}],"author":[{"embeddable":true,"href":"https:\/\/radiojehona.mk\/index.php?rest_route=\/wp\/v2\/users\/2"}],"replies":[{"embeddable":true,"href":"https:\/\/radiojehona.mk\/index.php?rest_route=%2Fwp%2Fv2%2Fcomments&post=39340"}],"version-history":[{"count":2,"href":"https:\/\/radiojehona.mk\/index.php?rest_route=\/wp\/v2\/posts\/39340\/revisions"}],"predecessor-version":[{"id":39343,"href":"https:\/\/radiojehona.mk\/index.php?rest_route=\/wp\/v2\/posts\/39340\/revisions\/39343"}],"wp:featuredmedia":[{"embeddable":true,"href":"https:\/\/radiojehona.mk\/index.php?rest_route=\/wp\/v2\/media\/39341"}],"wp:attachment":[{"href":"https:\/\/radiojehona.mk\/index.php?rest_route=%2Fwp%2Fv2%2Fmedia&parent=39340"}],"wp:term":[{"taxonomy":"category","embeddable":true,"href":"https:\/\/radiojehona.mk\/index.php?rest_route=%2Fwp%2Fv2%2Fcategories&post=39340"},{"taxonomy":"post_tag","embeddable":true,"href":"https:\/\/radiojehona.mk\/index.php?rest_route=%2Fwp%2Fv2%2Ftags&post=39340"}],"curies":[{"name":"wp","href":"https:\/\/api.w.org\/{rel}","templated":true}]}}