{"id":39336,"date":"2024-12-25T11:12:07","date_gmt":"2024-12-25T11:12:07","guid":{"rendered":"https:\/\/radiojehona.com\/?p=39336"},"modified":"2024-12-25T11:12:08","modified_gmt":"2024-12-25T11:12:08","slug":"ja-kur-mbahet-seanca-pergatitore-per-ligjin-e-gjuheve","status":"publish","type":"post","link":"https:\/\/radiojehona.mk\/?p=39336","title":{"rendered":"Ja kur mbahet seanca p\u00ebrgatitore p\u00ebr Ligjin e gjuh\u00ebve"},"content":{"rendered":"\n<figure class=\"wp-block-image size-large\"><img fetchpriority=\"high\" decoding=\"async\" width=\"1024\" height=\"731\" src=\"https:\/\/radiojehona.com\/wp-content\/uploads\/2024\/12\/IMG_0057-1024x731.jpeg\" alt=\"\" class=\"wp-image-39337\" srcset=\"https:\/\/radiojehona.mk\/wp-content\/uploads\/2024\/12\/IMG_0057-1024x731.jpeg 1024w, https:\/\/radiojehona.mk\/wp-content\/uploads\/2024\/12\/IMG_0057-300x214.jpeg 300w, https:\/\/radiojehona.mk\/wp-content\/uploads\/2024\/12\/IMG_0057-768x548.jpeg 768w, https:\/\/radiojehona.mk\/wp-content\/uploads\/2024\/12\/IMG_0057.jpeg 1125w\" sizes=\"(max-width: 1024px) 100vw, 1024px\" \/><\/figure>\n\n\n\n<p>Seanca p\u00ebrgatitore p\u00ebr Ligjin p\u00ebr p\u00ebrdorimin e gjuh\u00ebve do t\u00eb mbahet m\u00eb 20 mars 2025, jan\u00eb p\u00ebrcaktuar \u00e7\u00ebshtjet juridike t\u00eb kontestuara lidhur me iniciativat sipas k\u00ebtij ligji, si dhe lista e pjes\u00ebmarr\u00ebsve, e cila do t\u00eb jet\u00eb e hapur p\u00ebr opinioni. Kjo \u00ebsht\u00eb dakorduar n\u00eb takimin e djesh\u00ebm t\u00eb pun\u00ebs n\u00eb Gjykat\u00ebn Kushtetuese, tha kryetari i gjykat\u00ebs Darko Kostadinovski.<\/p>\n\n\n\n<p>\u201cN\u00eb seanc\u00ebn p\u00ebrgatitore do t\u00eb ftohen rreth 25 ekspert\u00eb dhe p\u00ebrfaq\u00ebsues t\u00eb shkenc\u00ebs dhe profesionit, nga fusha e s\u00eb drejt\u00ebs kushtetuese, t\u00eb drejt\u00ebs nd\u00ebrkomb\u00ebtare, t\u00eb drejtave t\u00eb njeriut dhe nj\u00eb p\u00ebrfaq\u00ebsues nga Komisioni i Venecias\u201d, informon Kostadinovski.<\/p>\n\n\n\n<p>Pas p\u00ebrfundimit t\u00eb seanc\u00ebs p\u00ebrgatitore, m\u00eb s\u00eb voni n\u00eb muajin maj gjykata do t\u00eb vendos\u00eb p\u00ebr \u00e7\u00ebshtjen.<\/p>\n","protected":false},"excerpt":{"rendered":"<p>Seanca p&euml;rgatitore p&euml;r Ligjin p&euml;r p&euml;rdorimin e gjuh&euml;ve do t&euml; mbahet m&euml; 20 mars 2025, jan&euml; p&euml;rcaktuar &ccedil;&euml;shtjet juridike t&euml; kontestuara lidhur me iniciativat sipas k&euml;tij ligji, si dhe lista e pjes&euml;marr&euml;sve, e cila do t&euml; jet&euml; e hapur p&euml;r opinioni. Kjo &euml;sht&euml; dakorduar n&euml; takimin e djesh&euml;m t&euml; pun&euml;s n&euml; Gjykat&euml;n Kushtetuese, tha kryetari [&hellip;]<\/p>\n","protected":false},"author":2,"featured_media":39337,"comment_status":"open","ping_status":"closed","sticky":false,"template":"","format":"standard","meta":{"_monsterinsights_skip_tracking":false,"_monsterinsights_sitenote_active":false,"_monsterinsights_sitenote_note":"","_monsterinsights_sitenote_category":0,"footnotes":""},"categories":[1],"tags":[],"class_list":["post-39336","post","type-post","status-publish","format-standard","has-post-thumbnail","hentry","category-vendi"],"_links":{"self":[{"href":"https:\/\/radiojehona.mk\/index.php?rest_route=\/wp\/v2\/posts\/39336","targetHints":{"allow":["GET"]}}],"collection":[{"href":"https:\/\/radiojehona.mk\/index.php?rest_route=\/wp\/v2\/posts"}],"about":[{"href":"https:\/\/radiojehona.mk\/index.php?rest_route=\/wp\/v2\/types\/post"}],"author":[{"embeddable":true,"href":"https:\/\/radiojehona.mk\/index.php?rest_route=\/wp\/v2\/users\/2"}],"replies":[{"embeddable":true,"href":"https:\/\/radiojehona.mk\/index.php?rest_route=%2Fwp%2Fv2%2Fcomments&post=39336"}],"version-history":[{"count":2,"href":"https:\/\/radiojehona.mk\/index.php?rest_route=\/wp\/v2\/posts\/39336\/revisions"}],"predecessor-version":[{"id":39339,"href":"https:\/\/radiojehona.mk\/index.php?rest_route=\/wp\/v2\/posts\/39336\/revisions\/39339"}],"wp:featuredmedia":[{"embeddable":true,"href":"https:\/\/radiojehona.mk\/index.php?rest_route=\/wp\/v2\/media\/39337"}],"wp:attachment":[{"href":"https:\/\/radiojehona.mk\/index.php?rest_route=%2Fwp%2Fv2%2Fmedia&parent=39336"}],"wp:term":[{"taxonomy":"category","embeddable":true,"href":"https:\/\/radiojehona.mk\/index.php?rest_route=%2Fwp%2Fv2%2Fcategories&post=39336"},{"taxonomy":"post_tag","embeddable":true,"href":"https:\/\/radiojehona.mk\/index.php?rest_route=%2Fwp%2Fv2%2Ftags&post=39336"}],"curies":[{"name":"wp","href":"https:\/\/api.w.org\/{rel}","templated":true}]}}