{"id":39332,"date":"2024-12-25T11:08:52","date_gmt":"2024-12-25T11:08:52","guid":{"rendered":"https:\/\/radiojehona.com\/?p=39332"},"modified":"2024-12-25T11:08:52","modified_gmt":"2024-12-25T11:08:52","slug":"bdi-denojme-vendimin-e-djeshem-te-prokurorise-per-te-lirimin-e-te-denuarve-per-rastin-e-27-prillit","status":"publish","type":"post","link":"https:\/\/radiojehona.mk\/?p=39332","title":{"rendered":"BDI: D\u00ebnojm\u00eb vendimin e djesh\u00ebm t\u00eb Prokuroris\u00eb p\u00ebr t\u00eb lirimin e t\u00eb d\u00ebnuarve p\u00ebr rastin e \u201c27 prillit\u201d"},"content":{"rendered":"\n<figure class=\"wp-block-image size-large\"><img fetchpriority=\"high\" decoding=\"async\" width=\"1024\" height=\"586\" src=\"https:\/\/radiojehona.com\/wp-content\/uploads\/2024\/12\/IMG_0056-1024x586.jpeg\" alt=\"\" class=\"wp-image-39333\" srcset=\"https:\/\/radiojehona.mk\/wp-content\/uploads\/2024\/12\/IMG_0056-1024x586.jpeg 1024w, https:\/\/radiojehona.mk\/wp-content\/uploads\/2024\/12\/IMG_0056-300x172.jpeg 300w, https:\/\/radiojehona.mk\/wp-content\/uploads\/2024\/12\/IMG_0056-768x440.jpeg 768w, https:\/\/radiojehona.mk\/wp-content\/uploads\/2024\/12\/IMG_0056.jpeg 1125w\" sizes=\"(max-width: 1024px) 100vw, 1024px\" \/><\/figure>\n\n\n\n<p>BDI ka d\u00ebnuar vendimin e djesh\u00ebm t\u00eb Prokuroris\u00eb p\u00ebr t\u00eb lirimin e t\u00eb d\u00ebnuarve p\u00ebr rastin e \u201c27 prillit\u201d.<\/p>\n\n\n\n<p>Nga atje thon\u00eb se d\u00ebnojn\u00eb ashp\u00ebr kapjen sistematike t\u00eb institucioneve t\u00eb drejt\u00ebsis\u00eb nga kjo qeveri dhe konformizmin e disa gjyqtar\u00ebve dhe prokuror\u00ebve q\u00eb jan\u00eb v\u00ebn\u00eb n\u00eb sh\u00ebrbim t\u00eb politik\u00ebs.<\/p>\n\n\n\n<p>Ky trend shqet\u00ebsues, shtojn\u00eb nga atje, po minon shtetin e s\u00eb drejt\u00ebs dhe po shkat\u00ebrron besimin e qytetar\u00ebve te institucionet q\u00eb duhet t\u00eb garantojn\u00eb drejt\u00ebsi p\u00ebr t\u00eb gjith\u00eb.<\/p>\n\n\n\n<p>\u201cVendimi i djesh\u00ebm i Prokuroris\u00eb p\u00ebr t\u00eb liruar ata q\u00eb u shpall\u00ebn fajtor\u00eb p\u00ebr p\u00ebrpjekjen p\u00ebr grusht shteti m\u00eb 27 prill, p\u00ebr t\u00eb parandaluar zgjedhjen e Kryetarit t\u00eb par\u00eb shqiptar t\u00eb Kuvendit, me pranimin publik t\u00eb vet\u00eb prokuror\u00ebve se atje ka drejt\u00ebsi selektive ,n\u00ebn presion politik dhe e gjith\u00eb kjo e b\u00ebr\u00eb n\u00eb nj\u00eb dit\u00eb feste me shpres\u00ebn se do t\u00eb kaloj\u00eb pa u v\u00ebrejtur nga bashk\u00ebsia nd\u00ebrkomb\u00ebtare, \u00ebsht\u00eb nj\u00eb pasqyrim i qart\u00eb i k\u00ebsaj kapje.<\/p>\n\n\n\n<p>Poashtu i drejtohemi Kryeministrit Mickoski: \u00c7far\u00eb ndodhi me \u201csheshin Tenderbeg,\u201d si\u00e7 e quante ai sheshin Sk\u00ebnderbeu p\u00ebr t\u00eb cilin dikur akuzonte Izet Mexhitin?<\/p>\n\n\n\n<p>\u00c7far\u00eb ndodhi me hetimin p\u00ebr 30 nd\u00ebrtesat q\u00eb u nd\u00ebrtuan si \u201cTitanik\u00eb arkitektonik\u00eb,\u201d por q\u00eb u antidatuan kinse t\u00eb nd\u00ebrtuara n\u00eb vitin 2011, kur ishte n\u00eb fuqi ligji p\u00ebr legalizimin?<br>K\u00ebto nd\u00ebrtesa jo vet\u00ebm q\u00eb jan\u00eb simbol i abuzimit urbanistik, por po ngulfatin hap\u00ebsir\u00ebn jet\u00ebsore t\u00eb popullat\u00ebs m\u00eb t\u00eb dendur n\u00eb Evrop\u00eb.<\/p>\n\n\n\n<p>Kryeminist\u00ebr, ku jan\u00eb hetimet p\u00ebr ministrin e \u201cvdekjes,\u201d si\u00e7 e quanit ju Arben Taravarin q\u00eb kishte marr\u00eb sipas jush dhurat\u00eb dy sht\u00ebpi p\u00ebr t\u2019u b\u00ebr\u00eb minist\u00ebr n\u00eb qeverin\u00eb ton\u00eb?<\/p>\n\n\n\n<p>Apo ndoshta po p\u00ebrjetoni ju vet\u00eb nj\u00eb \u201csulm ankthi, dhimbje koke,\u201d si\u00e7 pretendoni p\u00ebr prokuror\u00ebt, dhe p\u00ebr k\u00ebt\u00eb arsye keni harruar t\u00eb ndiqni akuzat p\u00ebr ministrat tuaj aktual\u00eb? Ministrat tuaj jan\u00eb kthyer n\u00eb vasal\u00eb t\u00eb politikave tuaja antishtet\u00ebrore, duke i sh\u00ebrbyer interesave personale dhe politike n\u00eb vend q\u00eb t\u2019u sh\u00ebrbejn\u00eb qytetar\u00ebve.<\/p>\n\n\n\n<p>N\u00eb vend q\u00eb t\u00eb p\u00ebrmir\u00ebsoni sundimin e ligjit, ju e keni shnd\u00ebrruar at\u00eb n\u00eb nj\u00eb karikatur\u00eb t\u00eb drejt\u00ebsis\u00eb. N\u00eb vet\u00ebm gjasht\u00eb muaj, keni arritur t\u00eb minoni themelet e besimit qytetar duke futur nj\u00eb drejt\u00ebsi selektive q\u00eb sh\u00ebrben vet\u00ebm interesave tuaja politike\u201d, thuhet n\u00eb reagimin e BDI-s\u00eb.<\/p>\n","protected":false},"excerpt":{"rendered":"<p>BDI ka d&euml;nuar vendimin e djesh&euml;m t&euml; Prokuroris&euml; p&euml;r t&euml; lirimin e t&euml; d&euml;nuarve p&euml;r rastin e &ldquo;27 prillit&rdquo;. Nga atje thon&euml; se d&euml;nojn&euml; ashp&euml;r kapjen sistematike t&euml; institucioneve t&euml; drejt&euml;sis&euml; nga kjo qeveri dhe konformizmin e disa gjyqtar&euml;ve dhe prokuror&euml;ve q&euml; jan&euml; v&euml;n&euml; n&euml; sh&euml;rbim t&euml; politik&euml;s. Ky trend shqet&euml;sues, shtojn&euml; nga atje, po [&hellip;]<\/p>\n","protected":false},"author":2,"featured_media":39333,"comment_status":"open","ping_status":"closed","sticky":false,"template":"","format":"standard","meta":{"_monsterinsights_skip_tracking":false,"_monsterinsights_sitenote_active":false,"_monsterinsights_sitenote_note":"","_monsterinsights_sitenote_category":0,"footnotes":""},"categories":[1],"tags":[],"class_list":["post-39332","post","type-post","status-publish","format-standard","has-post-thumbnail","hentry","category-vendi"],"_links":{"self":[{"href":"https:\/\/radiojehona.mk\/index.php?rest_route=\/wp\/v2\/posts\/39332","targetHints":{"allow":["GET"]}}],"collection":[{"href":"https:\/\/radiojehona.mk\/index.php?rest_route=\/wp\/v2\/posts"}],"about":[{"href":"https:\/\/radiojehona.mk\/index.php?rest_route=\/wp\/v2\/types\/post"}],"author":[{"embeddable":true,"href":"https:\/\/radiojehona.mk\/index.php?rest_route=\/wp\/v2\/users\/2"}],"replies":[{"embeddable":true,"href":"https:\/\/radiojehona.mk\/index.php?rest_route=%2Fwp%2Fv2%2Fcomments&post=39332"}],"version-history":[{"count":2,"href":"https:\/\/radiojehona.mk\/index.php?rest_route=\/wp\/v2\/posts\/39332\/revisions"}],"predecessor-version":[{"id":39335,"href":"https:\/\/radiojehona.mk\/index.php?rest_route=\/wp\/v2\/posts\/39332\/revisions\/39335"}],"wp:featuredmedia":[{"embeddable":true,"href":"https:\/\/radiojehona.mk\/index.php?rest_route=\/wp\/v2\/media\/39333"}],"wp:attachment":[{"href":"https:\/\/radiojehona.mk\/index.php?rest_route=%2Fwp%2Fv2%2Fmedia&parent=39332"}],"wp:term":[{"taxonomy":"category","embeddable":true,"href":"https:\/\/radiojehona.mk\/index.php?rest_route=%2Fwp%2Fv2%2Fcategories&post=39332"},{"taxonomy":"post_tag","embeddable":true,"href":"https:\/\/radiojehona.mk\/index.php?rest_route=%2Fwp%2Fv2%2Ftags&post=39332"}],"curies":[{"name":"wp","href":"https:\/\/api.w.org\/{rel}","templated":true}]}}