{"id":39320,"date":"2024-12-25T10:46:46","date_gmt":"2024-12-25T10:46:46","guid":{"rendered":"https:\/\/radiojehona.com\/?p=39320"},"modified":"2024-12-25T10:46:47","modified_gmt":"2024-12-25T10:46:47","slug":"digjen-dy-shtepi-ne-kumanove","status":"publish","type":"post","link":"https:\/\/radiojehona.mk\/?p=39320","title":{"rendered":"Digjen dy sht\u00ebpi n\u00eb Kumanov\u00eb"},"content":{"rendered":"\n<figure class=\"wp-block-image size-large\"><img fetchpriority=\"high\" decoding=\"async\" width=\"1024\" height=\"583\" src=\"https:\/\/radiojehona.com\/wp-content\/uploads\/2024\/12\/IMG_0053-1024x583.jpeg\" alt=\"\" class=\"wp-image-39321\" srcset=\"https:\/\/radiojehona.mk\/wp-content\/uploads\/2024\/12\/IMG_0053-1024x583.jpeg 1024w, https:\/\/radiojehona.mk\/wp-content\/uploads\/2024\/12\/IMG_0053-300x171.jpeg 300w, https:\/\/radiojehona.mk\/wp-content\/uploads\/2024\/12\/IMG_0053-768x438.jpeg 768w, https:\/\/radiojehona.mk\/wp-content\/uploads\/2024\/12\/IMG_0053.jpeg 1125w\" sizes=\"(max-width: 1024px) 100vw, 1024px\" \/><\/figure>\n\n\n\n<p><strong>Nj\u00eb bombol gazi ka shkaktuar zjarr n\u00eb nj\u00eb sht\u00ebpi n\u00eb Kumanov\u00eb, nj\u00eb boler i djegur ka p\u00ebrfshir\u00eb edhe konstruksionin e kulmit t\u00eb nj\u00eb sht\u00ebpie n\u00eb \u00c7erkez, njoftojn\u00eb sot Qendra Rajonale p\u00ebr Menaxhimin e Krizave Kumanov\u00eb<\/strong><\/p>\n\n\n\n<p>\u201cZjarrfik\u00ebsit kan\u00eb nd\u00ebrhyr\u00eb n\u00eb nj\u00eb bombol gazi t\u00eb djegur n\u00eb nj\u00eb sht\u00ebpi familjare n\u00eb rrug\u00ebn \u201cNarodna Revolucija\u201d. \u00cbsht\u00eb intervenuar n\u00eb or\u00ebn 10:20 me nj\u00eb vetur\u00eb dhe pes\u00eb zjarrfik\u00ebs dhe \u00ebsht\u00eb p\u00ebrfshir\u00eb nj\u00eb dhom\u00eb e objektit dhe \u00ebsht\u00eb b\u00ebr\u00eb d\u00ebm material, i cili ende nuk \u00ebsht\u00eb konstatuar\u201d, thon\u00eb nga QMK.<\/p>\n\n\n\n<p>Zjarri \u00ebsht\u00eb lokalizuar dhe fikur n\u00eb or\u00ebn 11:20.<\/p>\n\n\n\n<p>Nd\u00ebrhyrja e dyt\u00eb \u00ebsht\u00eb b\u00ebr\u00eb nga shp\u00ebrthimi i nj\u00eb zjarri n\u00eb nj\u00eb boler n\u00eb sht\u00ebpi n\u00eb fshatin \u00c7erkez\u00eb n\u00eb or\u00ebn 16:25-17:25.<\/p>\n\n\n\n<p>Zjarrfik\u00ebsit kan\u00eb nd\u00ebrhyr\u00eb me nj\u00eb ekip. Zjarri ka p\u00ebrfshir\u00eb dhe d\u00ebmtuar struktur\u00ebn e \u00e7atis\u00eb s\u00eb objektit, ende nuk dihet shkaku dhe sasia e d\u00ebmit material.<\/p>\n","protected":false},"excerpt":{"rendered":"<p>Nj&euml; bombol gazi ka shkaktuar zjarr n&euml; nj&euml; sht&euml;pi n&euml; Kumanov&euml;, nj&euml; boler i djegur ka p&euml;rfshir&euml; edhe konstruksionin e kulmit t&euml; nj&euml; sht&euml;pie n&euml; &Ccedil;erkez, njoftojn&euml; sot Qendra Rajonale p&euml;r Menaxhimin e Krizave Kumanov&euml; &ldquo;Zjarrfik&euml;sit kan&euml; nd&euml;rhyr&euml; n&euml; nj&euml; bombol gazi t&euml; djegur n&euml; nj&euml; sht&euml;pi familjare n&euml; rrug&euml;n &ldquo;Narodna Revolucija&rdquo;. &Euml;sht&euml; intervenuar n&euml; [&hellip;]<\/p>\n","protected":false},"author":2,"featured_media":39321,"comment_status":"open","ping_status":"closed","sticky":false,"template":"","format":"standard","meta":{"_monsterinsights_skip_tracking":false,"_monsterinsights_sitenote_active":false,"_monsterinsights_sitenote_note":"","_monsterinsights_sitenote_category":0,"footnotes":""},"categories":[1],"tags":[],"class_list":["post-39320","post","type-post","status-publish","format-standard","has-post-thumbnail","hentry","category-vendi"],"_links":{"self":[{"href":"https:\/\/radiojehona.mk\/index.php?rest_route=\/wp\/v2\/posts\/39320","targetHints":{"allow":["GET"]}}],"collection":[{"href":"https:\/\/radiojehona.mk\/index.php?rest_route=\/wp\/v2\/posts"}],"about":[{"href":"https:\/\/radiojehona.mk\/index.php?rest_route=\/wp\/v2\/types\/post"}],"author":[{"embeddable":true,"href":"https:\/\/radiojehona.mk\/index.php?rest_route=\/wp\/v2\/users\/2"}],"replies":[{"embeddable":true,"href":"https:\/\/radiojehona.mk\/index.php?rest_route=%2Fwp%2Fv2%2Fcomments&post=39320"}],"version-history":[{"count":2,"href":"https:\/\/radiojehona.mk\/index.php?rest_route=\/wp\/v2\/posts\/39320\/revisions"}],"predecessor-version":[{"id":39323,"href":"https:\/\/radiojehona.mk\/index.php?rest_route=\/wp\/v2\/posts\/39320\/revisions\/39323"}],"wp:featuredmedia":[{"embeddable":true,"href":"https:\/\/radiojehona.mk\/index.php?rest_route=\/wp\/v2\/media\/39321"}],"wp:attachment":[{"href":"https:\/\/radiojehona.mk\/index.php?rest_route=%2Fwp%2Fv2%2Fmedia&parent=39320"}],"wp:term":[{"taxonomy":"category","embeddable":true,"href":"https:\/\/radiojehona.mk\/index.php?rest_route=%2Fwp%2Fv2%2Fcategories&post=39320"},{"taxonomy":"post_tag","embeddable":true,"href":"https:\/\/radiojehona.mk\/index.php?rest_route=%2Fwp%2Fv2%2Ftags&post=39320"}],"curies":[{"name":"wp","href":"https:\/\/api.w.org\/{rel}","templated":true}]}}