{"id":39316,"date":"2024-12-24T17:04:19","date_gmt":"2024-12-24T17:04:19","guid":{"rendered":"https:\/\/radiojehona.com\/?p=39316"},"modified":"2024-12-24T17:04:20","modified_gmt":"2024-12-24T17:04:20","slug":"ne-piken-kufitare-tabanoc-konfiskohen-kater-turbokompresore","status":"publish","type":"post","link":"https:\/\/radiojehona.mk\/?p=39316","title":{"rendered":"N\u00eb pik\u00ebn kufitare \u201cTabanoc\u201d konfiskohen kat\u00ebr turbokompresor\u00eb"},"content":{"rendered":"\n<figure class=\"wp-block-image size-large\"><img fetchpriority=\"high\" decoding=\"async\" width=\"1024\" height=\"621\" src=\"https:\/\/radiojehona.com\/wp-content\/uploads\/2024\/12\/IMG_0051-1024x621.jpeg\" alt=\"\" class=\"wp-image-39317\" srcset=\"https:\/\/radiojehona.mk\/wp-content\/uploads\/2024\/12\/IMG_0051-1024x621.jpeg 1024w, https:\/\/radiojehona.mk\/wp-content\/uploads\/2024\/12\/IMG_0051-300x182.jpeg 300w, https:\/\/radiojehona.mk\/wp-content\/uploads\/2024\/12\/IMG_0051-768x466.jpeg 768w, https:\/\/radiojehona.mk\/wp-content\/uploads\/2024\/12\/IMG_0051.jpeg 1125w\" sizes=\"(max-width: 1024px) 100vw, 1024px\" \/><\/figure>\n\n\n\n<p>Drejtoria e Doganave ka shp\u00ebrndar\u00eb raportin javor, ku njoftohet se doganier\u00ebt n\u00eb pik\u00ebn kufitare \u201cTabanoc\u201d, kan\u00eb konfiskuar 4 turbokompresor\u00eb, p\u00ebrcjell TV21. Turbokompresor\u00ebt jan\u00eb gjetur te nj\u00eb shtetas i Serbis\u00eb.<\/p>\n\n\n\n<p>\u201cSh\u00ebrbimi i skanerit mobil gjeti kat\u00ebr turbokompresor\u00eb p\u00ebr automjete pasagjer\u00ebsh dhe mallrash n\u00eb kanatat e nj\u00eb kamioni. Produktet e padeklaruara jan\u00eb zbuluar n\u00eb automjetin me targa t\u00eb Serbis\u00eb, i drejtuar nga nj\u00eb shtetas serb, i regjistruar p\u00ebr hyrje n\u00eb vend n\u00eb vendkalimin kufitar Tabanoc\u201d, thuhet n\u00eb njoftimin e Doganave.\/tv21.tv<\/p>\n","protected":false},"excerpt":{"rendered":"<p>Drejtoria e Doganave ka shp&euml;rndar&euml; raportin javor, ku njoftohet se doganier&euml;t n&euml; pik&euml;n kufitare &ldquo;Tabanoc&rdquo;, kan&euml; konfiskuar 4 turbokompresor&euml;, p&euml;rcjell TV21. Turbokompresor&euml;t jan&euml; gjetur te nj&euml; shtetas i Serbis&euml;. &ldquo;Sh&euml;rbimi i skanerit mobil gjeti kat&euml;r turbokompresor&euml; p&euml;r automjete pasagjer&euml;sh dhe mallrash n&euml; kanatat e nj&euml; kamioni. Produktet e padeklaruara jan&euml; zbuluar n&euml; automjetin me targa [&hellip;]<\/p>\n","protected":false},"author":2,"featured_media":39317,"comment_status":"open","ping_status":"closed","sticky":false,"template":"","format":"standard","meta":{"_monsterinsights_skip_tracking":false,"_monsterinsights_sitenote_active":false,"_monsterinsights_sitenote_note":"","_monsterinsights_sitenote_category":0,"footnotes":""},"categories":[1],"tags":[],"class_list":["post-39316","post","type-post","status-publish","format-standard","has-post-thumbnail","hentry","category-vendi"],"_links":{"self":[{"href":"https:\/\/radiojehona.mk\/index.php?rest_route=\/wp\/v2\/posts\/39316","targetHints":{"allow":["GET"]}}],"collection":[{"href":"https:\/\/radiojehona.mk\/index.php?rest_route=\/wp\/v2\/posts"}],"about":[{"href":"https:\/\/radiojehona.mk\/index.php?rest_route=\/wp\/v2\/types\/post"}],"author":[{"embeddable":true,"href":"https:\/\/radiojehona.mk\/index.php?rest_route=\/wp\/v2\/users\/2"}],"replies":[{"embeddable":true,"href":"https:\/\/radiojehona.mk\/index.php?rest_route=%2Fwp%2Fv2%2Fcomments&post=39316"}],"version-history":[{"count":2,"href":"https:\/\/radiojehona.mk\/index.php?rest_route=\/wp\/v2\/posts\/39316\/revisions"}],"predecessor-version":[{"id":39319,"href":"https:\/\/radiojehona.mk\/index.php?rest_route=\/wp\/v2\/posts\/39316\/revisions\/39319"}],"wp:featuredmedia":[{"embeddable":true,"href":"https:\/\/radiojehona.mk\/index.php?rest_route=\/wp\/v2\/media\/39317"}],"wp:attachment":[{"href":"https:\/\/radiojehona.mk\/index.php?rest_route=%2Fwp%2Fv2%2Fmedia&parent=39316"}],"wp:term":[{"taxonomy":"category","embeddable":true,"href":"https:\/\/radiojehona.mk\/index.php?rest_route=%2Fwp%2Fv2%2Fcategories&post=39316"},{"taxonomy":"post_tag","embeddable":true,"href":"https:\/\/radiojehona.mk\/index.php?rest_route=%2Fwp%2Fv2%2Ftags&post=39316"}],"curies":[{"name":"wp","href":"https:\/\/api.w.org\/{rel}","templated":true}]}}