{"id":39308,"date":"2024-12-24T16:29:34","date_gmt":"2024-12-24T16:29:34","guid":{"rendered":"https:\/\/radiojehona.com\/?p=39308"},"modified":"2024-12-24T16:29:34","modified_gmt":"2024-12-24T16:29:34","slug":"keshilli-penal-hedh-poshte-ankesen-e-avokatit-konfirmon-masen-e-paraburgimit-per-artan-grubin","status":"publish","type":"post","link":"https:\/\/radiojehona.mk\/?p=39308","title":{"rendered":"K\u00ebshilli Penal hedh posht\u00eb ankes\u00ebn e avokatit, konfirmon mas\u00ebn e paraburgimit p\u00ebr Artan Grubin"},"content":{"rendered":"\n<figure class=\"wp-block-image size-large\"><img fetchpriority=\"high\" decoding=\"async\" width=\"1024\" height=\"709\" src=\"https:\/\/radiojehona.com\/wp-content\/uploads\/2024\/12\/IMG_0049-1024x709.jpeg\" alt=\"\" class=\"wp-image-39309\" srcset=\"https:\/\/radiojehona.mk\/wp-content\/uploads\/2024\/12\/IMG_0049-1024x709.jpeg 1024w, https:\/\/radiojehona.mk\/wp-content\/uploads\/2024\/12\/IMG_0049-300x208.jpeg 300w, https:\/\/radiojehona.mk\/wp-content\/uploads\/2024\/12\/IMG_0049-768x532.jpeg 768w, https:\/\/radiojehona.mk\/wp-content\/uploads\/2024\/12\/IMG_0049.jpeg 1125w\" sizes=\"(max-width: 1024px) 100vw, 1024px\" \/><\/figure>\n\n\n\n<p>K\u00ebshilli Penal i Gjykat\u00ebs Penale t\u00eb Shkupit e ka hedhur posht\u00eb ankes\u00ebn e avokatit t\u00eb arratisurit Artan Grubi ndaj gjykat\u00ebsit t\u00eb procedur\u00ebs paraprake dhe e ka konfirmuar paraburgimin e caktuar 30 ditor.<\/p>\n\n\n\n<p>Nga Gjykata rikujtojn\u00eb se m\u00eb 17 dhjetor, gjykat\u00ebsi i procedur\u00ebs paraprake duke vepruar ndaj propozimit t\u00eb prokurorit, caktoi paraburgim p\u00ebr Grubin dhe P\u00ebrparim Bajramin, t\u00eb dy t\u00eb p\u00ebrfshir\u00eb n\u00eb hetimin e Prokuroris\u00eb p\u00ebr \u201cLotarin\u00eb Shtet\u00ebrore\u201d.<\/p>\n\n\n\n<p>Vendimi, u miratua pas d\u00ebrgimit t\u00eb njoftimit nga MPB se Grubi dhe Bajrami nuk jan\u00eb t\u00eb kapsh\u00ebm p\u00ebr organet e ndjekjes, e cila fillon t\u00eb zbatohet sapo t\u00eb gjenden personat, gjegj\u00ebsisht t\u00eb arrestohen.\/Alsat\/<\/p>\n","protected":false},"excerpt":{"rendered":"<p>K&euml;shilli Penal i Gjykat&euml;s Penale t&euml; Shkupit e ka hedhur posht&euml; ankes&euml;n e avokatit t&euml; arratisurit Artan Grubi ndaj gjykat&euml;sit t&euml; procedur&euml;s paraprake dhe e ka konfirmuar paraburgimin e caktuar 30 ditor. Nga Gjykata rikujtojn&euml; se m&euml; 17 dhjetor, gjykat&euml;si i procedur&euml;s paraprake duke vepruar ndaj propozimit t&euml; prokurorit, caktoi paraburgim p&euml;r Grubin dhe P&euml;rparim [&hellip;]<\/p>\n","protected":false},"author":2,"featured_media":39309,"comment_status":"open","ping_status":"closed","sticky":false,"template":"","format":"standard","meta":{"_monsterinsights_skip_tracking":false,"_monsterinsights_sitenote_active":false,"_monsterinsights_sitenote_note":"","_monsterinsights_sitenote_category":0,"footnotes":""},"categories":[1],"tags":[],"class_list":["post-39308","post","type-post","status-publish","format-standard","has-post-thumbnail","hentry","category-vendi"],"_links":{"self":[{"href":"https:\/\/radiojehona.mk\/index.php?rest_route=\/wp\/v2\/posts\/39308","targetHints":{"allow":["GET"]}}],"collection":[{"href":"https:\/\/radiojehona.mk\/index.php?rest_route=\/wp\/v2\/posts"}],"about":[{"href":"https:\/\/radiojehona.mk\/index.php?rest_route=\/wp\/v2\/types\/post"}],"author":[{"embeddable":true,"href":"https:\/\/radiojehona.mk\/index.php?rest_route=\/wp\/v2\/users\/2"}],"replies":[{"embeddable":true,"href":"https:\/\/radiojehona.mk\/index.php?rest_route=%2Fwp%2Fv2%2Fcomments&post=39308"}],"version-history":[{"count":2,"href":"https:\/\/radiojehona.mk\/index.php?rest_route=\/wp\/v2\/posts\/39308\/revisions"}],"predecessor-version":[{"id":39311,"href":"https:\/\/radiojehona.mk\/index.php?rest_route=\/wp\/v2\/posts\/39308\/revisions\/39311"}],"wp:featuredmedia":[{"embeddable":true,"href":"https:\/\/radiojehona.mk\/index.php?rest_route=\/wp\/v2\/media\/39309"}],"wp:attachment":[{"href":"https:\/\/radiojehona.mk\/index.php?rest_route=%2Fwp%2Fv2%2Fmedia&parent=39308"}],"wp:term":[{"taxonomy":"category","embeddable":true,"href":"https:\/\/radiojehona.mk\/index.php?rest_route=%2Fwp%2Fv2%2Fcategories&post=39308"},{"taxonomy":"post_tag","embeddable":true,"href":"https:\/\/radiojehona.mk\/index.php?rest_route=%2Fwp%2Fv2%2Ftags&post=39308"}],"curies":[{"name":"wp","href":"https:\/\/api.w.org\/{rel}","templated":true}]}}