{"id":39304,"date":"2024-12-23T08:49:38","date_gmt":"2024-12-23T08:49:38","guid":{"rendered":"https:\/\/radiojehona.com\/?p=39304"},"modified":"2024-12-23T08:49:39","modified_gmt":"2024-12-23T08:49:39","slug":"debat-mbi-amendamentet-e-propozim-ligjit-per-libra-ne-komisionin-per-arsim","status":"publish","type":"post","link":"https:\/\/radiojehona.mk\/?p=39304","title":{"rendered":"Debat mbi amendamentet e Propozim ligjit p\u00ebr libra n\u00eb Komisionin p\u00ebr Arsim"},"content":{"rendered":"\n<figure class=\"wp-block-image size-large\"><img fetchpriority=\"high\" decoding=\"async\" width=\"1024\" height=\"677\" src=\"https:\/\/radiojehona.com\/wp-content\/uploads\/2024\/12\/IMG_0029-1024x677.jpeg\" alt=\"\" class=\"wp-image-39305\" srcset=\"https:\/\/radiojehona.mk\/wp-content\/uploads\/2024\/12\/IMG_0029-1024x677.jpeg 1024w, https:\/\/radiojehona.mk\/wp-content\/uploads\/2024\/12\/IMG_0029-300x198.jpeg 300w, https:\/\/radiojehona.mk\/wp-content\/uploads\/2024\/12\/IMG_0029-768x508.jpeg 768w, https:\/\/radiojehona.mk\/wp-content\/uploads\/2024\/12\/IMG_0029.jpeg 1125w\" sizes=\"(max-width: 1024px) 100vw, 1024px\" \/><\/figure>\n\n\n\n<p>N\u00eb Kuvendin e Maqedonis\u00eb s\u00eb Veriut sot mbledhje do t\u00eb mbaj\u00eb Komisioni p\u00ebr arsim, shkenc\u00eb dhe sport, n\u00eb rend dite t\u00eb t\u00eb cilit \u00ebsht\u00eb debati p\u00ebr amendamentet e Propozim-ligjit p\u00ebr libra<\/p>\n\n\n\n<p><br>N\u00eb rend dite t\u00eb k\u00ebsaj seance \u00ebsht\u00eb edhe Propozim ligji p\u00ebr p\u00ebrfundimin e vlefshm\u00ebris\u00eb t\u00eb Ligjit p\u00ebr themelimin e Agjencis\u00eb Komb\u00ebtare p\u00ebr Teknologji B\u00ebrthamore t\u00eb Republik\u00ebs s\u00eb Maqedonis\u00eb \u2013 lexim i dyt\u00eb, si dhe Propozim ligji p\u00ebr Korniz\u00eb Komb\u00ebtare t\u00eb Kualifikimeve n\u00eb lexim t\u00eb dyt\u00eb.<\/p>\n\n\n\n<p>N\u00eb Kuvend mbledhje do t\u00eb mbaj\u00eb edhe Komisioni Ligjv\u00ebn\u00ebs-Juridik, n\u00eb rend dite t\u00eb t\u00eb cilit \u00ebsht\u00eb amendamenti p\u00ebr Propozimin e ligjit p\u00ebr arsim t\u00eb t\u00eb rriturve dhe t\u00eb Propozim ligjit p\u00ebr arsim profesional dhe trajnim \u2013 leximi i dyt\u00eb.<\/p>\n","protected":false},"excerpt":{"rendered":"<p>N&euml; Kuvendin e Maqedonis&euml; s&euml; Veriut sot mbledhje do t&euml; mbaj&euml; Komisioni p&euml;r arsim, shkenc&euml; dhe sport, n&euml; rend dite t&euml; t&euml; cilit &euml;sht&euml; debati p&euml;r amendamentet e Propozim-ligjit p&euml;r libra N&euml; rend dite t&euml; k&euml;saj seance &euml;sht&euml; edhe Propozim ligji p&euml;r p&euml;rfundimin e vlefshm&euml;ris&euml; t&euml; Ligjit p&euml;r themelimin e Agjencis&euml; Komb&euml;tare p&euml;r Teknologji B&euml;rthamore [&hellip;]<\/p>\n","protected":false},"author":2,"featured_media":39305,"comment_status":"open","ping_status":"closed","sticky":false,"template":"","format":"standard","meta":{"_monsterinsights_skip_tracking":false,"_monsterinsights_sitenote_active":false,"_monsterinsights_sitenote_note":"","_monsterinsights_sitenote_category":0,"footnotes":""},"categories":[1],"tags":[],"class_list":["post-39304","post","type-post","status-publish","format-standard","has-post-thumbnail","hentry","category-vendi"],"_links":{"self":[{"href":"https:\/\/radiojehona.mk\/index.php?rest_route=\/wp\/v2\/posts\/39304","targetHints":{"allow":["GET"]}}],"collection":[{"href":"https:\/\/radiojehona.mk\/index.php?rest_route=\/wp\/v2\/posts"}],"about":[{"href":"https:\/\/radiojehona.mk\/index.php?rest_route=\/wp\/v2\/types\/post"}],"author":[{"embeddable":true,"href":"https:\/\/radiojehona.mk\/index.php?rest_route=\/wp\/v2\/users\/2"}],"replies":[{"embeddable":true,"href":"https:\/\/radiojehona.mk\/index.php?rest_route=%2Fwp%2Fv2%2Fcomments&post=39304"}],"version-history":[{"count":2,"href":"https:\/\/radiojehona.mk\/index.php?rest_route=\/wp\/v2\/posts\/39304\/revisions"}],"predecessor-version":[{"id":39307,"href":"https:\/\/radiojehona.mk\/index.php?rest_route=\/wp\/v2\/posts\/39304\/revisions\/39307"}],"wp:featuredmedia":[{"embeddable":true,"href":"https:\/\/radiojehona.mk\/index.php?rest_route=\/wp\/v2\/media\/39305"}],"wp:attachment":[{"href":"https:\/\/radiojehona.mk\/index.php?rest_route=%2Fwp%2Fv2%2Fmedia&parent=39304"}],"wp:term":[{"taxonomy":"category","embeddable":true,"href":"https:\/\/radiojehona.mk\/index.php?rest_route=%2Fwp%2Fv2%2Fcategories&post=39304"},{"taxonomy":"post_tag","embeddable":true,"href":"https:\/\/radiojehona.mk\/index.php?rest_route=%2Fwp%2Fv2%2Ftags&post=39304"}],"curies":[{"name":"wp","href":"https:\/\/api.w.org\/{rel}","templated":true}]}}