{"id":39301,"date":"2024-12-22T12:26:26","date_gmt":"2024-12-22T12:26:26","guid":{"rendered":"https:\/\/radiojehona.com\/?p=39301"},"modified":"2024-12-22T12:26:26","modified_gmt":"2024-12-22T12:26:26","slug":"publikohen-pamjet-e-helikopterit-ne-turqi-pak-momente-para-se-te-perplasej-ne-objektin-e-spitalit","status":"publish","type":"post","link":"https:\/\/radiojehona.mk\/?p=39301","title":{"rendered":"Publikohen pamjet e helikopterit n\u00eb Turqi pak momente para se t\u00eb p\u00ebrplasej n\u00eb objektin e spitalit"},"content":{"rendered":"\n<figure class=\"wp-block-image size-large\"><img fetchpriority=\"high\" decoding=\"async\" width=\"1024\" height=\"624\" src=\"https:\/\/radiojehona.com\/wp-content\/uploads\/2024\/12\/IMG_0021-1024x624.jpeg\" alt=\"\" class=\"wp-image-39302\" srcset=\"https:\/\/radiojehona.mk\/wp-content\/uploads\/2024\/12\/IMG_0021-1024x624.jpeg 1024w, https:\/\/radiojehona.mk\/wp-content\/uploads\/2024\/12\/IMG_0021-300x183.jpeg 300w, https:\/\/radiojehona.mk\/wp-content\/uploads\/2024\/12\/IMG_0021-768x468.jpeg 768w, https:\/\/radiojehona.mk\/wp-content\/uploads\/2024\/12\/IMG_0021.jpeg 1125w\" sizes=\"(max-width: 1024px) 100vw, 1024px\" \/><\/figure>\n\n\n\n<p>T\u00eb pakt\u00ebn kat\u00ebr persona humb\u00ebn jet\u00ebn, kur nj\u00eb helikopter i spitalit u p\u00ebrplas n\u00eb nd\u00ebrtes\u00ebn e spitalit n\u00eb Mugla t\u00eb Turqis\u00eb.<\/p>\n\n\n\n<p>N\u00eb rrjetet sociale \u00ebsht\u00eb shfaqur videoja e fluturakes pak momente para se t\u00eb p\u00ebrplasej n\u00eb nd\u00ebrtes\u00eb ,dhe q\u00eb m\u00eb pas u rr\u00ebzua n\u00eb tok\u00eb.<\/p>\n\n\n\n<p>Hetuesit besojn\u00eb se ishin kushtet klimatike ato q\u00eb ndikuan n\u00eb rr\u00ebzimin e helikopterit, i cili edhe nj\u00eb dit\u00eb m\u00eb par\u00eb kishte tentuar t\u00eb ngritet n\u00eb aj\u00ebr por q\u00eb nuk ia kishte arritur.<\/p>\n\n\n\n<p>Ekipe t\u00eb shumta t\u00eb k\u00ebrkim-shp\u00ebtimit kan\u00eb dal\u00eb n\u00eb terren p\u00ebr t\u00eb k\u00ebrkuar t\u00eb mbijetuar t\u00eb mundsh\u00ebm.<\/p>\n\n\n\n<p>E helikopteri ishte n\u00eb pron\u00ebsi t\u00eb Ministris\u00eb s\u00eb Sh\u00ebndet\u00ebsis\u00eb, i cili po q\u00ebndronte i parkuar dhe aktivizohej sa her\u00eb kishte nevoj\u00eb p\u00ebr t\u2019i ofruar ndihm\u00eb personave t\u00eb l\u00ebnduar.<br><br><\/p>\n\n\n\n<figure class=\"wp-block-embed is-type-video is-provider-youtube wp-block-embed-youtube wp-embed-aspect-16-9 wp-has-aspect-ratio\"><div class=\"wp-block-embed__wrapper\">\n<iframe title=\"Mu\u011fla E\u011fitim ve Ara\u015ft\u0131rma Hastanesi\u2019ne d\u00fc\u015fen helikopterin kalk\u0131\u015f an\u0131nda \u00e7ekildi\u011fi g\u00f6r\u00fcnt\u00fcler:\" width=\"640\" height=\"360\" src=\"https:\/\/www.youtube.com\/embed\/mjhrXT_bWOA?feature=oembed\" frameborder=\"0\" allow=\"accelerometer; autoplay; clipboard-write; encrypted-media; gyroscope; picture-in-picture; web-share\" referrerpolicy=\"strict-origin-when-cross-origin\" allowfullscreen><\/iframe>\n<\/div><\/figure>\n","protected":false},"excerpt":{"rendered":"<p>T&euml; pakt&euml;n kat&euml;r persona humb&euml;n jet&euml;n, kur nj&euml; helikopter i spitalit u p&euml;rplas n&euml; nd&euml;rtes&euml;n e spitalit n&euml; Mugla t&euml; Turqis&euml;. N&euml; rrjetet sociale &euml;sht&euml; shfaqur videoja e fluturakes pak momente para se t&euml; p&euml;rplasej n&euml; nd&euml;rtes&euml; ,dhe q&euml; m&euml; pas u rr&euml;zua n&euml; tok&euml;. Hetuesit besojn&euml; se ishin kushtet klimatike ato q&euml; ndikuan n&euml; [&hellip;]<\/p>\n","protected":false},"author":2,"featured_media":39302,"comment_status":"open","ping_status":"closed","sticky":false,"template":"","format":"standard","meta":{"_monsterinsights_skip_tracking":false,"_monsterinsights_sitenote_active":false,"_monsterinsights_sitenote_note":"","_monsterinsights_sitenote_category":0,"footnotes":""},"categories":[569],"tags":[],"class_list":["post-39301","post","type-post","status-publish","format-standard","has-post-thumbnail","hentry","category-bota"],"_links":{"self":[{"href":"https:\/\/radiojehona.mk\/index.php?rest_route=\/wp\/v2\/posts\/39301","targetHints":{"allow":["GET"]}}],"collection":[{"href":"https:\/\/radiojehona.mk\/index.php?rest_route=\/wp\/v2\/posts"}],"about":[{"href":"https:\/\/radiojehona.mk\/index.php?rest_route=\/wp\/v2\/types\/post"}],"author":[{"embeddable":true,"href":"https:\/\/radiojehona.mk\/index.php?rest_route=\/wp\/v2\/users\/2"}],"replies":[{"embeddable":true,"href":"https:\/\/radiojehona.mk\/index.php?rest_route=%2Fwp%2Fv2%2Fcomments&post=39301"}],"version-history":[{"count":1,"href":"https:\/\/radiojehona.mk\/index.php?rest_route=\/wp\/v2\/posts\/39301\/revisions"}],"predecessor-version":[{"id":39303,"href":"https:\/\/radiojehona.mk\/index.php?rest_route=\/wp\/v2\/posts\/39301\/revisions\/39303"}],"wp:featuredmedia":[{"embeddable":true,"href":"https:\/\/radiojehona.mk\/index.php?rest_route=\/wp\/v2\/media\/39302"}],"wp:attachment":[{"href":"https:\/\/radiojehona.mk\/index.php?rest_route=%2Fwp%2Fv2%2Fmedia&parent=39301"}],"wp:term":[{"taxonomy":"category","embeddable":true,"href":"https:\/\/radiojehona.mk\/index.php?rest_route=%2Fwp%2Fv2%2Fcategories&post=39301"},{"taxonomy":"post_tag","embeddable":true,"href":"https:\/\/radiojehona.mk\/index.php?rest_route=%2Fwp%2Fv2%2Ftags&post=39301"}],"curies":[{"name":"wp","href":"https:\/\/api.w.org\/{rel}","templated":true}]}}