{"id":39297,"date":"2024-12-22T12:20:20","date_gmt":"2024-12-22T12:20:20","guid":{"rendered":"https:\/\/radiojehona.com\/?p=39297"},"modified":"2024-12-22T12:20:21","modified_gmt":"2024-12-22T12:20:21","slug":"masat-qeveritare-durmishi-do-te-kete-shporte-edhe-per-ramazan-edhe-per-pashket","status":"publish","type":"post","link":"https:\/\/radiojehona.mk\/?p=39297","title":{"rendered":"Masat Qeveritare, Durmishi: Do t\u00eb ket\u00eb shport\u00eb edhe p\u00ebr Ramazan edhe p\u00ebr Pashk\u00ebt"},"content":{"rendered":"\n<figure class=\"wp-block-image size-large\"><img fetchpriority=\"high\" decoding=\"async\" width=\"1024\" height=\"656\" src=\"https:\/\/radiojehona.com\/wp-content\/uploads\/2024\/12\/IMG_0020-1024x656.jpeg\" alt=\"\" class=\"wp-image-39298\" srcset=\"https:\/\/radiojehona.mk\/wp-content\/uploads\/2024\/12\/IMG_0020-1024x656.jpeg 1024w, https:\/\/radiojehona.mk\/wp-content\/uploads\/2024\/12\/IMG_0020-300x192.jpeg 300w, https:\/\/radiojehona.mk\/wp-content\/uploads\/2024\/12\/IMG_0020-768x492.jpeg 768w, https:\/\/radiojehona.mk\/wp-content\/uploads\/2024\/12\/IMG_0020.jpeg 1125w\" sizes=\"(max-width: 1024px) 100vw, 1024px\" \/><\/figure>\n\n\n\n<p>Nuk duhet t\u00eb shfuqizohet \u201ce diela dit\u00eb jo pune\u201d, por disa veprimtari duhet t\u00eb lirohen \u2013 thot\u00eb Ministri i Ekonomis\u00eb, Besar Durmishi n\u00eb intervist\u00ebn e s\u00eb diel\u00ebs p\u00ebr Radion Evropa e Lir\u00eb. Ai nuk pret manipulime me shport\u00ebn e Vitit t\u00eb Ri, kurse mas\u00eb t\u00eb nj\u00ebjt\u00eb paralajm\u00ebron edhe p\u00ebr Pashk\u00eb e Bajram. Sipas tij, nuk parashihet edhe rritja e mosh\u00ebs p\u00ebr pensionim.<\/p>\n\n\n\n<p>Ministri i Ekonomis\u00eb, Besar Durmishi, paralajm\u00ebron se Qeveria do t\u00eb vazhdoj\u00eb me t\u00eb ashtuquajturat \u201cshporta konsumatore\u201d edhe gjat\u00eb koh\u00ebs s\u00eb festave tjera, sikurse p\u00ebr Pashk\u00ebt dhe Bajramin.<\/p>\n\n\n\n<p>Kjo do t\u00eb thot\u00eb se me intervenimin e ekzekutivit, do t\u00eb vazhdoj\u00eb kufizimi I p\u00ebrkohsh\u00ebm I marzhave p\u00ebr disa kategori t\u00eb produkteve.<\/p>\n\n\n\n<p>Por, \u00e7far\u00eb dobie kan\u00eb qytetar\u00ebt nga kjo mas\u00eb qeveritare?<\/p>\n\n\n\n<p>Gjat\u00eb intervist\u00ebs p\u00ebr Radion Evropa e Lir\u00eb, Ministri Durmishi, pohon se \u00e7do familje do t\u00eb kursej\u00eb nga 1.300 denar\u00eb.<\/p>\n\n\n\n<p>\u201cSipas t\u00eb dh\u00ebnave nga shporta e vjesht\u00ebs ku ngrim\u00eb \u00e7mimet p\u00ebr 10% n\u00eb tregtin\u00eb me shumic\u00eb dhe pakic\u00eb, atje ishin p\u00ebrfshir\u00eb rreth 73 grue prodhimesh, kjo mas\u00eb dha rezultate. \u00c7mimet ishin ulur, kursimi p\u00ebr nj\u00eb familje kat\u00ebran\u00ebtar\u00ebshe ishte rreth 1.300 denar\u00eb. K\u00ebt\u00eb e treguan edhe sindikatat me shport\u00ebn e tyre sindikale, ku gjat\u00eb asaj periudhe, harxhimet p\u00ebr ushqim dhe pije ishin ulur p\u00ebr 965 denar\u00eb. Do t\u00eb thot\u00eb, n\u00ebse marrim parasysh k\u00ebt\u00eb mas\u00eb q\u00eb ishte p\u00ebr 73 grupe produktesh, normalisht se kjo mas\u00eb q\u00eb tejkalon mbi 1.000 produkte, t\u00eb mb\u00ebshtetur nga 95 kompani, do t\u00eb ket\u00eb rezultate t\u00eb m\u00ebdha\u201d \u2013 tha Durmishi.<\/p>\n\n\n\n<p>Ministri Durmishi pohon se do t\u00eb vazhdojn\u00eb \u201cshportat konsumatore\u201d pavar\u00ebsisht se tashm\u00eb \u00ebsht\u00eb n\u00eb fuqi Ligji p\u00ebr praktika jo t\u00eb ndershme tregtare. Ky ligj, p\u00ebr momentin, \u00ebsht\u00eb n\u00eb faz\u00eb kalimtare, ka hyr\u00eb n\u00eb fuqi por shteti nuk shqipton d\u00ebnime, por vet\u00ebm t\u00ebrheq v\u00ebrejtje.<\/p>\n\n\n\n<p>\u201cSipas k\u00ebtij ligji, rabati dhe harxhimet tjera shtes\u00eb duhet t\u00eb kufizohen n\u00eb 10%. M\u00eb par\u00eb ishte deri 20% dhe deri 35%. Tani kur t\u00eb adaptohen faturat midis prodhuesve dhe tregtar\u00ebve, kur t\u00eb kufizohet n\u00eb 10%, do t\u00eb ndikoj\u00eb n\u00eb uljen e \u00e7mimeve me pakic\u00eb. Si Qeveri bashk\u00eb me Od\u00ebn e biznesit do t\u00eb punojm\u00eb p\u00ebr t\u00eb p\u00ebrmi\u00ebrsuar standardin jet\u00ebsor dhe normalisht se do t\u00eb ket\u00eb masa tjera sikurse ajo e Ramazanit, Pashk\u00ebve e t\u00eb ngjashme\u201d \u2013 tha Besar Durmishi.<\/p>\n\n\n\n<p>N\u00eb intervist\u00ebn p\u00ebr Radion Evropa e Lir\u00eb, Ministri Durmishi, thekson se po mendohet q\u00eb p\u00ebr disa veprimtari t\u00eb shfuqizohet e diela si dit\u00eb jo pune.<\/p>\n\n\n\n<p>Ai p\u00ebrs\u00ebriti q\u00ebndrim e Qeveris\u00eb se nuk do t\u00eb rritet kufiri I mosh\u00ebs p\u00ebr pensionim, duke shtuar se Fondi p\u00ebr Sigurim Pensional do t\u00eb mbushet me m\u00eb shum\u00eb pun\u00ebsime.<\/p>\n","protected":false},"excerpt":{"rendered":"<p>Nuk duhet t&euml; shfuqizohet &ldquo;e diela dit&euml; jo pune&rdquo;, por disa veprimtari duhet t&euml; lirohen &ndash; thot&euml; Ministri i Ekonomis&euml;, Besar Durmishi n&euml; intervist&euml;n e s&euml; diel&euml;s p&euml;r Radion Evropa e Lir&euml;. Ai nuk pret manipulime me shport&euml;n e Vitit t&euml; Ri, kurse mas&euml; t&euml; nj&euml;jt&euml; paralajm&euml;ron edhe p&euml;r Pashk&euml; e Bajram. Sipas tij, nuk [&hellip;]<\/p>\n","protected":false},"author":2,"featured_media":39298,"comment_status":"open","ping_status":"closed","sticky":false,"template":"","format":"standard","meta":{"_monsterinsights_skip_tracking":false,"_monsterinsights_sitenote_active":false,"_monsterinsights_sitenote_note":"","_monsterinsights_sitenote_category":0,"footnotes":""},"categories":[1],"tags":[],"class_list":["post-39297","post","type-post","status-publish","format-standard","has-post-thumbnail","hentry","category-vendi"],"_links":{"self":[{"href":"https:\/\/radiojehona.mk\/index.php?rest_route=\/wp\/v2\/posts\/39297","targetHints":{"allow":["GET"]}}],"collection":[{"href":"https:\/\/radiojehona.mk\/index.php?rest_route=\/wp\/v2\/posts"}],"about":[{"href":"https:\/\/radiojehona.mk\/index.php?rest_route=\/wp\/v2\/types\/post"}],"author":[{"embeddable":true,"href":"https:\/\/radiojehona.mk\/index.php?rest_route=\/wp\/v2\/users\/2"}],"replies":[{"embeddable":true,"href":"https:\/\/radiojehona.mk\/index.php?rest_route=%2Fwp%2Fv2%2Fcomments&post=39297"}],"version-history":[{"count":2,"href":"https:\/\/radiojehona.mk\/index.php?rest_route=\/wp\/v2\/posts\/39297\/revisions"}],"predecessor-version":[{"id":39300,"href":"https:\/\/radiojehona.mk\/index.php?rest_route=\/wp\/v2\/posts\/39297\/revisions\/39300"}],"wp:featuredmedia":[{"embeddable":true,"href":"https:\/\/radiojehona.mk\/index.php?rest_route=\/wp\/v2\/media\/39298"}],"wp:attachment":[{"href":"https:\/\/radiojehona.mk\/index.php?rest_route=%2Fwp%2Fv2%2Fmedia&parent=39297"}],"wp:term":[{"taxonomy":"category","embeddable":true,"href":"https:\/\/radiojehona.mk\/index.php?rest_route=%2Fwp%2Fv2%2Fcategories&post=39297"},{"taxonomy":"post_tag","embeddable":true,"href":"https:\/\/radiojehona.mk\/index.php?rest_route=%2Fwp%2Fv2%2Ftags&post=39297"}],"curies":[{"name":"wp","href":"https:\/\/api.w.org\/{rel}","templated":true}]}}