{"id":39293,"date":"2024-12-22T12:17:40","date_gmt":"2024-12-22T12:17:40","guid":{"rendered":"https:\/\/radiojehona.com\/?p=39293"},"modified":"2024-12-22T12:17:40","modified_gmt":"2024-12-22T12:17:40","slug":"bdi-eshte-koha-per-doreheqje-hetime-serioze-dhe-pergjegjesi-ne-shendetesi","status":"publish","type":"post","link":"https:\/\/radiojehona.mk\/?p=39293","title":{"rendered":"BDI: \u00cbsht\u00eb koha p\u00ebr dor\u00ebheqje, hetime serioze dhe p\u00ebrgjegj\u00ebsi n\u00eb sh\u00ebndet\u00ebsi"},"content":{"rendered":"\n<figure class=\"wp-block-image size-large\"><img fetchpriority=\"high\" decoding=\"async\" width=\"1024\" height=\"729\" src=\"https:\/\/radiojehona.com\/wp-content\/uploads\/2024\/12\/IMG_0019-1024x729.jpeg\" alt=\"\" class=\"wp-image-39294\" srcset=\"https:\/\/radiojehona.mk\/wp-content\/uploads\/2024\/12\/IMG_0019-1024x729.jpeg 1024w, https:\/\/radiojehona.mk\/wp-content\/uploads\/2024\/12\/IMG_0019-300x214.jpeg 300w, https:\/\/radiojehona.mk\/wp-content\/uploads\/2024\/12\/IMG_0019-768x547.jpeg 768w, https:\/\/radiojehona.mk\/wp-content\/uploads\/2024\/12\/IMG_0019.jpeg 1125w\" sizes=\"(max-width: 1024px) 100vw, 1024px\" \/><\/figure>\n\n\n\n<p>N\u00eb nj\u00eb koh\u00eb kur faqet e para t\u00eb lajmeve raportojn\u00eb vdekjen tragjike t\u00eb 20 f\u00ebmij\u00ebve n\u00eb vet\u00ebm gjasht\u00eb muaj n\u00eb Klinik\u00ebn e F\u00ebmij\u00ebve n\u00eb Shkup, menaxhmenti i k\u00ebsaj klinike zgjedh t\u00eb publikoj\u00eb fotografi nga festimet e fundvitit t\u00eb paguara me mjetet buxherore duke e shpallur vitin si t\u00eb \u201csuksessh\u00ebm\u201d.<\/p>\n\n\n\n<p>Kjo \u00ebsht\u00eb nj\u00eb goditje e r\u00ebnd\u00eb p\u00ebr familjet q\u00eb kan\u00eb humbur f\u00ebmij\u00ebt e tyre dhe p\u00ebr qytetar\u00ebt q\u00eb presin ndjeshm\u00ebri dhe p\u00ebrgjegj\u00ebsi nga institucionet sh\u00ebndet\u00ebsore.<\/p>\n\n\n\n<p>Por skandali nuk p\u00ebrfundon k\u00ebtu.<\/p>\n\n\n\n<p>N\u00eb vend q\u00eb t\u00eb nd\u00ebrmerrte hapa konkret\u00eb p\u00ebr t\u00eb adresuar k\u00ebt\u00eb kriz\u00eb, Ministri i Sh\u00ebndet\u00ebsis\u00eb \u00ebsht\u00eb angazhuar n\u00eb manovrimie partiake se cila parti do dominoj\u00eb mbrenda n\u00eb Vlen.<\/p>\n\n\n\n<p>Ky kombinim i pap\u00ebrgjegjshm\u00ebris\u00eb dhe indiferenc\u00ebs \u00ebsht\u00eb i papranuesh\u00ebm.<\/p>\n\n\n\n<p>\u00cbsht\u00eb koha p\u00ebr dor\u00ebheqje, p\u00ebr hetime serioze dhe p\u00ebr rikthimin e p\u00ebrgjegj\u00ebsis\u00eb n\u00eb sistemin ton\u00eb sh\u00ebndet\u00ebsor.<\/p>\n\n\n\n<p>BDI nuk do t\u00eb hesht\u00eb p\u00ebrball\u00eb k\u00ebsaj krize, e cila ka nxjerr\u00eb n\u00eb pah degradimin moral dhe institucional t\u00eb qeverisjes aktuale.<\/p>\n\n\n\n<p>P\u00ebrderi sa ata i urojne fundvitin njeri-tjetrit, prinderit urojne te mos ju semuren femijet e t\u2019ju bien ne duar te tyre.<\/p>\n","protected":false},"excerpt":{"rendered":"<p>N&euml; nj&euml; koh&euml; kur faqet e para t&euml; lajmeve raportojn&euml; vdekjen tragjike t&euml; 20 f&euml;mij&euml;ve n&euml; vet&euml;m gjasht&euml; muaj n&euml; Klinik&euml;n e F&euml;mij&euml;ve n&euml; Shkup, menaxhmenti i k&euml;saj klinike zgjedh t&euml; publikoj&euml; fotografi nga festimet e fundvitit t&euml; paguara me mjetet buxherore duke e shpallur vitin si t&euml; &ldquo;suksessh&euml;m&rdquo;. Kjo &euml;sht&euml; nj&euml; goditje e r&euml;nd&euml; [&hellip;]<\/p>\n","protected":false},"author":2,"featured_media":39294,"comment_status":"open","ping_status":"closed","sticky":false,"template":"","format":"standard","meta":{"_monsterinsights_skip_tracking":false,"_monsterinsights_sitenote_active":false,"_monsterinsights_sitenote_note":"","_monsterinsights_sitenote_category":0,"footnotes":""},"categories":[1],"tags":[],"class_list":["post-39293","post","type-post","status-publish","format-standard","has-post-thumbnail","hentry","category-vendi"],"_links":{"self":[{"href":"https:\/\/radiojehona.mk\/index.php?rest_route=\/wp\/v2\/posts\/39293","targetHints":{"allow":["GET"]}}],"collection":[{"href":"https:\/\/radiojehona.mk\/index.php?rest_route=\/wp\/v2\/posts"}],"about":[{"href":"https:\/\/radiojehona.mk\/index.php?rest_route=\/wp\/v2\/types\/post"}],"author":[{"embeddable":true,"href":"https:\/\/radiojehona.mk\/index.php?rest_route=\/wp\/v2\/users\/2"}],"replies":[{"embeddable":true,"href":"https:\/\/radiojehona.mk\/index.php?rest_route=%2Fwp%2Fv2%2Fcomments&post=39293"}],"version-history":[{"count":2,"href":"https:\/\/radiojehona.mk\/index.php?rest_route=\/wp\/v2\/posts\/39293\/revisions"}],"predecessor-version":[{"id":39296,"href":"https:\/\/radiojehona.mk\/index.php?rest_route=\/wp\/v2\/posts\/39293\/revisions\/39296"}],"wp:featuredmedia":[{"embeddable":true,"href":"https:\/\/radiojehona.mk\/index.php?rest_route=\/wp\/v2\/media\/39294"}],"wp:attachment":[{"href":"https:\/\/radiojehona.mk\/index.php?rest_route=%2Fwp%2Fv2%2Fmedia&parent=39293"}],"wp:term":[{"taxonomy":"category","embeddable":true,"href":"https:\/\/radiojehona.mk\/index.php?rest_route=%2Fwp%2Fv2%2Fcategories&post=39293"},{"taxonomy":"post_tag","embeddable":true,"href":"https:\/\/radiojehona.mk\/index.php?rest_route=%2Fwp%2Fv2%2Ftags&post=39293"}],"curies":[{"name":"wp","href":"https:\/\/api.w.org\/{rel}","templated":true}]}}