{"id":39289,"date":"2024-12-22T12:15:34","date_gmt":"2024-12-22T12:15:34","guid":{"rendered":"https:\/\/radiojehona.com\/?p=39289"},"modified":"2024-12-22T12:15:34","modified_gmt":"2024-12-22T12:15:34","slug":"fetai-mos-shpifni-artani-do-vetedorezohet-ne-shutke-sapo-ta-perfundoj-viziten-private","status":"publish","type":"post","link":"https:\/\/radiojehona.mk\/?p=39289","title":{"rendered":"Fetai: \u201cMos shpifni\u201d, Artani do vet\u00ebdor\u00ebzohet n\u00eb Shutk\u00eb sapo ta p\u00ebrfundoj vizit\u00ebn private!"},"content":{"rendered":"\n<figure class=\"wp-block-image size-large\"><img fetchpriority=\"high\" decoding=\"async\" width=\"1024\" height=\"624\" src=\"https:\/\/radiojehona.com\/wp-content\/uploads\/2024\/12\/IMG_0018-1024x624.jpeg\" alt=\"\" class=\"wp-image-39290\" srcset=\"https:\/\/radiojehona.mk\/wp-content\/uploads\/2024\/12\/IMG_0018-1024x624.jpeg 1024w, https:\/\/radiojehona.mk\/wp-content\/uploads\/2024\/12\/IMG_0018-300x183.jpeg 300w, https:\/\/radiojehona.mk\/wp-content\/uploads\/2024\/12\/IMG_0018-768x468.jpeg 768w, https:\/\/radiojehona.mk\/wp-content\/uploads\/2024\/12\/IMG_0018.jpeg 1125w\" sizes=\"(max-width: 1024px) 100vw, 1024px\" \/><\/figure>\n\n\n\n<p>Zv\/kryeministri Arben Fetai ka ironizuar me deklarat\u00ebn e Grubit, i cili kishte k\u00ebrkuar nga mediat t\u00eb mos shpifin, sepse do t\u00eb kthehet nga vizita private n\u00eb Kosov\u00eb.<\/p>\n\n\n\n<p>\u201cMos shpifni dhe mos spekuloni. Sapo t\u00eb p\u00ebrfundoj\u00eb obligimet dhe vizit\u00ebn private, Artani do t\u00eb vet\u00ebdor\u00ebzohet n\u00eb Shutk\u00eb.\u201d, ka shkruar Fetai. (INA)<\/p>\n","protected":false},"excerpt":{"rendered":"<p>Zv\/kryeministri Arben Fetai ka ironizuar me deklarat&euml;n e Grubit, i cili kishte k&euml;rkuar nga mediat t&euml; mos shpifin, sepse do t&euml; kthehet nga vizita private n&euml; Kosov&euml;. &ldquo;Mos shpifni dhe mos spekuloni. Sapo t&euml; p&euml;rfundoj&euml; obligimet dhe vizit&euml;n private, Artani do t&euml; vet&euml;dor&euml;zohet n&euml; Shutk&euml;.&rdquo;, ka shkruar Fetai. (INA)<\/p>\n","protected":false},"author":2,"featured_media":39290,"comment_status":"open","ping_status":"closed","sticky":false,"template":"","format":"standard","meta":{"_monsterinsights_skip_tracking":false,"_monsterinsights_sitenote_active":false,"_monsterinsights_sitenote_note":"","_monsterinsights_sitenote_category":0,"footnotes":""},"categories":[1],"tags":[],"class_list":["post-39289","post","type-post","status-publish","format-standard","has-post-thumbnail","hentry","category-vendi"],"_links":{"self":[{"href":"https:\/\/radiojehona.mk\/index.php?rest_route=\/wp\/v2\/posts\/39289","targetHints":{"allow":["GET"]}}],"collection":[{"href":"https:\/\/radiojehona.mk\/index.php?rest_route=\/wp\/v2\/posts"}],"about":[{"href":"https:\/\/radiojehona.mk\/index.php?rest_route=\/wp\/v2\/types\/post"}],"author":[{"embeddable":true,"href":"https:\/\/radiojehona.mk\/index.php?rest_route=\/wp\/v2\/users\/2"}],"replies":[{"embeddable":true,"href":"https:\/\/radiojehona.mk\/index.php?rest_route=%2Fwp%2Fv2%2Fcomments&post=39289"}],"version-history":[{"count":2,"href":"https:\/\/radiojehona.mk\/index.php?rest_route=\/wp\/v2\/posts\/39289\/revisions"}],"predecessor-version":[{"id":39292,"href":"https:\/\/radiojehona.mk\/index.php?rest_route=\/wp\/v2\/posts\/39289\/revisions\/39292"}],"wp:featuredmedia":[{"embeddable":true,"href":"https:\/\/radiojehona.mk\/index.php?rest_route=\/wp\/v2\/media\/39290"}],"wp:attachment":[{"href":"https:\/\/radiojehona.mk\/index.php?rest_route=%2Fwp%2Fv2%2Fmedia&parent=39289"}],"wp:term":[{"taxonomy":"category","embeddable":true,"href":"https:\/\/radiojehona.mk\/index.php?rest_route=%2Fwp%2Fv2%2Fcategories&post=39289"},{"taxonomy":"post_tag","embeddable":true,"href":"https:\/\/radiojehona.mk\/index.php?rest_route=%2Fwp%2Fv2%2Ftags&post=39289"}],"curies":[{"name":"wp","href":"https:\/\/api.w.org\/{rel}","templated":true}]}}