{"id":39285,"date":"2024-12-22T12:13:54","date_gmt":"2024-12-22T12:13:54","guid":{"rendered":"https:\/\/radiojehona.com\/?p=39285"},"modified":"2024-12-22T12:13:54","modified_gmt":"2024-12-22T12:13:54","slug":"masar-omeragic-zgjidhet-president-i-ffm-se","status":"publish","type":"post","link":"https:\/\/radiojehona.mk\/?p=39285","title":{"rendered":"Masar Omeragi\u00e7 zgjidhet president i FFM-s\u00eb"},"content":{"rendered":"\n<figure class=\"wp-block-image size-large\"><img fetchpriority=\"high\" decoding=\"async\" width=\"1024\" height=\"656\" src=\"https:\/\/radiojehona.com\/wp-content\/uploads\/2024\/12\/IMG_0017-1024x656.jpeg\" alt=\"\" class=\"wp-image-39286\" srcset=\"https:\/\/radiojehona.mk\/wp-content\/uploads\/2024\/12\/IMG_0017-1024x656.jpeg 1024w, https:\/\/radiojehona.mk\/wp-content\/uploads\/2024\/12\/IMG_0017-300x192.jpeg 300w, https:\/\/radiojehona.mk\/wp-content\/uploads\/2024\/12\/IMG_0017-768x492.jpeg 768w, https:\/\/radiojehona.mk\/wp-content\/uploads\/2024\/12\/IMG_0017.jpeg 1125w\" sizes=\"(max-width: 1024px) 100vw, 1024px\" \/><\/figure>\n\n\n\n<p>&nbsp;Masar Omeragi\u00e7 edhe zyrtarisht morri besimin e delegat\u00ebve t\u00eb FFM-s\u00eb n\u00eb Kuvendin e Jasht\u00ebzakonsh\u00ebm, q\u00eb po mbahet sot n\u00eb Shkup. Omeragi\u00e7 n\u00eb k\u00ebt\u00eb post do t\u00eb z\u00ebvend\u00ebsoj\u00eb Muhamed Sejdinin, i cili me 17 n\u00ebntor dha dor\u00ebheqje nga posti i t\u00eb parit t\u00eb futbollit n\u00eb vend.<\/p>\n\n\n\n<p>Ishte pik\u00ebrisht Sejdini q\u00eb hapi k\u00ebt\u00eb Kuvend, duke uruar edhe pasardh\u00ebsit e tij. Fjalimin e rradh\u00ebs si p\u00ebrfaq\u00ebsues i UEFA-s, e morri Denis Bastari. N\u00eb em\u00ebr t\u00eb Sht\u00ebpis\u00eb m\u00eb t\u00eb madhe futbollistike europiane, Bastari num\u00ebroi sukseset e p\u00ebrfaq\u00ebsueses s\u00eb Maqedonis\u00eb n\u00ebn drejtimin e Sejdinit, p\u00ebrfshir\u00eb k\u00ebtu suksesin e fundit n\u00eb Lig\u00ebn e Kombeve.<\/p>\n\n\n\n<p>Me p\u00ebrfaq\u00ebsues t\u00eb sajin ishte edhe FIFA. Sukseset q\u00eb p\u00ebrmendi Bastari, ishin edhe n\u00eb reportoarin e zonj\u00ebs Marija, e cila lavd\u00ebroi bashk\u00ebpunimin e shk\u00eblqyer t\u00eb deritanish\u00ebm, me shpres\u00eb se n\u00eb t\u00eb nj\u00ebjtat nivele do vazhdoj edhe me udh\u00ebheq\u00ebsin\u00eb e re.<\/p>\n\n\n\n<p>Tashm\u00eb n\u00eb procedur\u00eb jan\u00eb edhe pikat e rendit t\u00eb Kuvendit, ku Sejdini foli p\u00ebr her\u00eb t\u00eb fundit si President i Federat\u00ebs s\u00eb Futbollit t\u00eb Maqedonis\u00eb.<\/p>\n\n\n\n<p>\u201cPo e l\u00eb k\u00ebt\u00eb post me shum\u00eb krenari, dhe q\u00eb mund t\u00eb ju shikoj t\u00eb gjith\u00ebve n\u00eb sy. Pas nesh flasin sukseset tona, si\u00e7 ishte kualifikimi n\u00eb Europianin e vitit 2020, fitorja ndaj Italis\u00eb dhe sukseset n\u00eb Lig\u00ebn e Kombeve. Fal\u00ebnderoj t\u00eb gjith\u00eb q\u00eb ishin pjes\u00eb e k\u00ebtij rrug\u00ebtimi. Pasardh\u00ebsit tim i uroj shum\u00eb suksese n\u00eb rrug\u00ebtimin e tij\u201d, deklaroi tha Muhamed Sejdini, i cili n\u00eb krye t\u00eb Federat\u00ebs s\u00eb Futbollit vendor ishte p\u00ebr 6 vite e gjysm\u00eb.<\/p>\n","protected":false},"excerpt":{"rendered":"<p>&nbsp;Masar Omeragi&ccedil; edhe zyrtarisht morri besimin e delegat&euml;ve t&euml; FFM-s&euml; n&euml; Kuvendin e Jasht&euml;zakonsh&euml;m, q&euml; po mbahet sot n&euml; Shkup. Omeragi&ccedil; n&euml; k&euml;t&euml; post do t&euml; z&euml;vend&euml;soj&euml; Muhamed Sejdinin, i cili me 17 n&euml;ntor dha dor&euml;heqje nga posti i t&euml; parit t&euml; futbollit n&euml; vend. Ishte pik&euml;risht Sejdini q&euml; hapi k&euml;t&euml; Kuvend, duke uruar edhe [&hellip;]<\/p>\n","protected":false},"author":2,"featured_media":39286,"comment_status":"open","ping_status":"closed","sticky":false,"template":"","format":"standard","meta":{"_monsterinsights_skip_tracking":false,"_monsterinsights_sitenote_active":false,"_monsterinsights_sitenote_note":"","_monsterinsights_sitenote_category":0,"footnotes":""},"categories":[1],"tags":[],"class_list":["post-39285","post","type-post","status-publish","format-standard","has-post-thumbnail","hentry","category-vendi"],"_links":{"self":[{"href":"https:\/\/radiojehona.mk\/index.php?rest_route=\/wp\/v2\/posts\/39285","targetHints":{"allow":["GET"]}}],"collection":[{"href":"https:\/\/radiojehona.mk\/index.php?rest_route=\/wp\/v2\/posts"}],"about":[{"href":"https:\/\/radiojehona.mk\/index.php?rest_route=\/wp\/v2\/types\/post"}],"author":[{"embeddable":true,"href":"https:\/\/radiojehona.mk\/index.php?rest_route=\/wp\/v2\/users\/2"}],"replies":[{"embeddable":true,"href":"https:\/\/radiojehona.mk\/index.php?rest_route=%2Fwp%2Fv2%2Fcomments&post=39285"}],"version-history":[{"count":2,"href":"https:\/\/radiojehona.mk\/index.php?rest_route=\/wp\/v2\/posts\/39285\/revisions"}],"predecessor-version":[{"id":39288,"href":"https:\/\/radiojehona.mk\/index.php?rest_route=\/wp\/v2\/posts\/39285\/revisions\/39288"}],"wp:featuredmedia":[{"embeddable":true,"href":"https:\/\/radiojehona.mk\/index.php?rest_route=\/wp\/v2\/media\/39286"}],"wp:attachment":[{"href":"https:\/\/radiojehona.mk\/index.php?rest_route=%2Fwp%2Fv2%2Fmedia&parent=39285"}],"wp:term":[{"taxonomy":"category","embeddable":true,"href":"https:\/\/radiojehona.mk\/index.php?rest_route=%2Fwp%2Fv2%2Fcategories&post=39285"},{"taxonomy":"post_tag","embeddable":true,"href":"https:\/\/radiojehona.mk\/index.php?rest_route=%2Fwp%2Fv2%2Ftags&post=39285"}],"curies":[{"name":"wp","href":"https:\/\/api.w.org\/{rel}","templated":true}]}}