{"id":39277,"date":"2024-12-22T12:09:24","date_gmt":"2024-12-22T12:09:24","guid":{"rendered":"https:\/\/radiojehona.com\/?p=39277"},"modified":"2024-12-22T12:09:24","modified_gmt":"2024-12-22T12:09:24","slug":"sulmi-ne-magdeburg-te-gjermanise-njihuni-me-dy-mjeket-nga-maqedonia-qe-ndihmuan-ne-shpetimin-dhe-sherimin-e-te-lenduarve","status":"publish","type":"post","link":"https:\/\/radiojehona.mk\/?p=39277","title":{"rendered":"Sulmi n\u00eb Magdeburg t\u00eb Gjermanis\u00eb, njihuni me dy mjek\u00ebt nga Maqedonia q\u00eb ndihmuan n\u00eb shp\u00ebtimin dhe sh\u00ebrimin e t\u00eb l\u00ebnduarve"},"content":{"rendered":"\n<figure class=\"wp-block-image size-large\"><img fetchpriority=\"high\" decoding=\"async\" width=\"1024\" height=\"593\" src=\"https:\/\/radiojehona.com\/wp-content\/uploads\/2024\/12\/IMG_0015-1024x593.jpeg\" alt=\"\" class=\"wp-image-39278\" srcset=\"https:\/\/radiojehona.mk\/wp-content\/uploads\/2024\/12\/IMG_0015-1024x593.jpeg 1024w, https:\/\/radiojehona.mk\/wp-content\/uploads\/2024\/12\/IMG_0015-300x174.jpeg 300w, https:\/\/radiojehona.mk\/wp-content\/uploads\/2024\/12\/IMG_0015-768x445.jpeg 768w, https:\/\/radiojehona.mk\/wp-content\/uploads\/2024\/12\/IMG_0015.jpeg 1125w\" sizes=\"(max-width: 1024px) 100vw, 1024px\" \/><\/figure>\n\n\n\n<p>Numri i t\u00eb vdekurve si pasoj\u00eb e nj\u00eb sulmi me vetur\u00eb n\u00eb tregun e Krishtlindjes n\u00eb qytetin gjerman Magdeburg, \u00ebsht\u00eb rritur n\u00eb pes\u00eb t\u00eb shtun\u00ebn, nd\u00ebrsa mbi 200 njer\u00ebz t\u00eb tjer\u00eb jan\u00eb l\u00ebnduar, pik\u00ebrisht p\u00ebr t\u00eb l\u00ebnduarit, jan\u00eb p\u00ebrkujdesur edhe dy mjek nga Maqedonia e Veriut.<\/p>\n\n\n\n<p>Nga Ambasada e Maqedonis\u00eb s\u00eb Veriut n\u00eb Gjermani thon\u00eb se ndjehen krenar q\u00eb diaspora jon\u00eb po kontribuon p\u00ebr tejkalimin e rastit tragjik n\u00eb Gjermani.<\/p>\n\n\n\n<p>\u201cKrenar me dr.Zlatko Stankovskin dhe dr.Vladimir Mitevskin! Zlatko \u00ebsht\u00eb nga Prilepi kurse Vladimiri nga Radovishi. Ata punojn\u00eb si specialist\u00eb n\u00eb mjek\u00ebsin\u00eb interne dhe kujdesin intensiv n\u00eb Spitalin Magdeburg. Ata mbr\u00ebm\u00eb dhan\u00eb kontributin e tyre p\u00ebr shp\u00ebtimin dhe sh\u00ebrimin e t\u00eb l\u00ebnduarve nga tragjedia n\u00eb Magdeburg. Krenar me diaspor\u00ebn ton\u00eb\u201d, shkruan Ambasada e Maqedonis\u00eb s\u00eb Veriut n\u00eb Facebook.<\/p>\n","protected":false},"excerpt":{"rendered":"<p>Numri i t&euml; vdekurve si pasoj&euml; e nj&euml; sulmi me vetur&euml; n&euml; tregun e Krishtlindjes n&euml; qytetin gjerman Magdeburg, &euml;sht&euml; rritur n&euml; pes&euml; t&euml; shtun&euml;n, nd&euml;rsa mbi 200 njer&euml;z t&euml; tjer&euml; jan&euml; l&euml;nduar, pik&euml;risht p&euml;r t&euml; l&euml;nduarit, jan&euml; p&euml;rkujdesur edhe dy mjek nga Maqedonia e Veriut. Nga Ambasada e Maqedonis&euml; s&euml; Veriut n&euml; Gjermani thon&euml; [&hellip;]<\/p>\n","protected":false},"author":2,"featured_media":39278,"comment_status":"open","ping_status":"closed","sticky":false,"template":"","format":"standard","meta":{"_monsterinsights_skip_tracking":false,"_monsterinsights_sitenote_active":false,"_monsterinsights_sitenote_note":"","_monsterinsights_sitenote_category":0,"footnotes":""},"categories":[569],"tags":[],"class_list":["post-39277","post","type-post","status-publish","format-standard","has-post-thumbnail","hentry","category-bota"],"_links":{"self":[{"href":"https:\/\/radiojehona.mk\/index.php?rest_route=\/wp\/v2\/posts\/39277","targetHints":{"allow":["GET"]}}],"collection":[{"href":"https:\/\/radiojehona.mk\/index.php?rest_route=\/wp\/v2\/posts"}],"about":[{"href":"https:\/\/radiojehona.mk\/index.php?rest_route=\/wp\/v2\/types\/post"}],"author":[{"embeddable":true,"href":"https:\/\/radiojehona.mk\/index.php?rest_route=\/wp\/v2\/users\/2"}],"replies":[{"embeddable":true,"href":"https:\/\/radiojehona.mk\/index.php?rest_route=%2Fwp%2Fv2%2Fcomments&post=39277"}],"version-history":[{"count":2,"href":"https:\/\/radiojehona.mk\/index.php?rest_route=\/wp\/v2\/posts\/39277\/revisions"}],"predecessor-version":[{"id":39280,"href":"https:\/\/radiojehona.mk\/index.php?rest_route=\/wp\/v2\/posts\/39277\/revisions\/39280"}],"wp:featuredmedia":[{"embeddable":true,"href":"https:\/\/radiojehona.mk\/index.php?rest_route=\/wp\/v2\/media\/39278"}],"wp:attachment":[{"href":"https:\/\/radiojehona.mk\/index.php?rest_route=%2Fwp%2Fv2%2Fmedia&parent=39277"}],"wp:term":[{"taxonomy":"category","embeddable":true,"href":"https:\/\/radiojehona.mk\/index.php?rest_route=%2Fwp%2Fv2%2Fcategories&post=39277"},{"taxonomy":"post_tag","embeddable":true,"href":"https:\/\/radiojehona.mk\/index.php?rest_route=%2Fwp%2Fv2%2Ftags&post=39277"}],"curies":[{"name":"wp","href":"https:\/\/api.w.org\/{rel}","templated":true}]}}