{"id":39272,"date":"2024-12-22T12:07:00","date_gmt":"2024-12-22T12:07:00","guid":{"rendered":"https:\/\/radiojehona.com\/?p=39272"},"modified":"2024-12-22T12:07:01","modified_gmt":"2024-12-22T12:07:01","slug":"lamm-qarkullimi-ne-rruget-shteterore-po-zhvillohet-pa-probleme","status":"publish","type":"post","link":"https:\/\/radiojehona.mk\/?p=39272","title":{"rendered":"LAMM: Qarkullimi n\u00eb rrug\u00ebt shtet\u00ebrore po zhvillohet pa probleme"},"content":{"rendered":"\n<figure class=\"wp-block-image size-large\"><img fetchpriority=\"high\" decoding=\"async\" width=\"1024\" height=\"572\" src=\"https:\/\/radiojehona.com\/wp-content\/uploads\/2024\/12\/IMG_0014-1024x572.jpeg\" alt=\"\" class=\"wp-image-39273\" srcset=\"https:\/\/radiojehona.mk\/wp-content\/uploads\/2024\/12\/IMG_0014-1024x572.jpeg 1024w, https:\/\/radiojehona.mk\/wp-content\/uploads\/2024\/12\/IMG_0014-300x167.jpeg 300w, https:\/\/radiojehona.mk\/wp-content\/uploads\/2024\/12\/IMG_0014-768x429.jpeg 768w, https:\/\/radiojehona.mk\/wp-content\/uploads\/2024\/12\/IMG_0014.jpeg 1125w\" sizes=\"(max-width: 1024px) 100vw, 1024px\" \/><\/figure>\n\n\n\n<p>Qarkullimi n\u00eb rrug\u00ebt shtet\u00ebrore zhvillohet n\u00eb kushte dim\u00ebrore, n\u00eb rrug\u00eb kryesisht me lag\u00ebshtir\u00eb dhe n\u00eb vende me mbetje bore me balt\u00eb n\u00eb rrug\u00eb.<\/p>\n\n\n\n<p>Intensiteti i qarkullimit n\u00eb rrug\u00ebt jasht\u00eb mjediseve urbane \u00ebsht\u00eb mesatar. N\u00eb vendkalimet kufitare nga pala maqedonase nuk ka m\u00eb ndalime p\u00ebr hyrje dhe dalje nga vendi, njofton LAMM.<\/p>\n\n\n\n<p>N.P Rrug\u00ebt e Maqedonis\u00eb informon se t\u00eb gjitha rrug\u00ebt rrugore n\u00eb vend jan\u00eb t\u00eb kalueshme dhe paralajm\u00ebron se p\u00ebr shkak t\u00eb temperaturave t\u00eb ul\u00ebta n\u00eb rrug\u00eb t\u00eb caktuara rrugore \u00ebsht\u00eb e mundur paraqitja e ngricave.<\/p>\n\n\n\n<p>LAMM&nbsp; rekomandon rregullim t\u00eb shpejt\u00ebsis\u00eb s\u00eb l\u00ebvizjes, respektim t\u00eb sinjalistik\u00ebs n\u00eb komunikacion dhe menaxhim t\u00eb kujdessh\u00ebm t\u00eb automjeteve, ve\u00e7an\u00ebrisht n\u00eb rrug\u00ebt n\u00ebp\u00ebr lugina, lugina lumore dhe gryka, ku ka mund\u00ebsi p\u00ebr rr\u00ebshqitje t\u00eb dheut. Kjo vlen ve\u00e7an\u00ebrisht p\u00ebr segmentet Katllanov\u00eb \u2013 Veles, Mavrov\u00eb \u2013 Dib\u00ebr \u2013 Strug\u00eb, Vinic\u00eb \u2013 Berov\u00eb dhe Ko\u00e7an \u2013 Dell\u00e7ev<\/p>\n","protected":false},"excerpt":{"rendered":"<p>Qarkullimi n&euml; rrug&euml;t shtet&euml;rore zhvillohet n&euml; kushte dim&euml;rore, n&euml; rrug&euml; kryesisht me lag&euml;shtir&euml; dhe n&euml; vende me mbetje bore me balt&euml; n&euml; rrug&euml;. Intensiteti i qarkullimit n&euml; rrug&euml;t jasht&euml; mjediseve urbane &euml;sht&euml; mesatar. N&euml; vendkalimet kufitare nga pala maqedonase nuk ka m&euml; ndalime p&euml;r hyrje dhe dalje nga vendi, njofton LAMM. N.P Rrug&euml;t e Maqedonis&euml; [&hellip;]<\/p>\n","protected":false},"author":2,"featured_media":39273,"comment_status":"open","ping_status":"closed","sticky":false,"template":"","format":"standard","meta":{"_monsterinsights_skip_tracking":false,"_monsterinsights_sitenote_active":false,"_monsterinsights_sitenote_note":"","_monsterinsights_sitenote_category":0,"footnotes":""},"categories":[1],"tags":[],"class_list":["post-39272","post","type-post","status-publish","format-standard","has-post-thumbnail","hentry","category-vendi"],"_links":{"self":[{"href":"https:\/\/radiojehona.mk\/index.php?rest_route=\/wp\/v2\/posts\/39272","targetHints":{"allow":["GET"]}}],"collection":[{"href":"https:\/\/radiojehona.mk\/index.php?rest_route=\/wp\/v2\/posts"}],"about":[{"href":"https:\/\/radiojehona.mk\/index.php?rest_route=\/wp\/v2\/types\/post"}],"author":[{"embeddable":true,"href":"https:\/\/radiojehona.mk\/index.php?rest_route=\/wp\/v2\/users\/2"}],"replies":[{"embeddable":true,"href":"https:\/\/radiojehona.mk\/index.php?rest_route=%2Fwp%2Fv2%2Fcomments&post=39272"}],"version-history":[{"count":2,"href":"https:\/\/radiojehona.mk\/index.php?rest_route=\/wp\/v2\/posts\/39272\/revisions"}],"predecessor-version":[{"id":39275,"href":"https:\/\/radiojehona.mk\/index.php?rest_route=\/wp\/v2\/posts\/39272\/revisions\/39275"}],"wp:featuredmedia":[{"embeddable":true,"href":"https:\/\/radiojehona.mk\/index.php?rest_route=\/wp\/v2\/media\/39273"}],"wp:attachment":[{"href":"https:\/\/radiojehona.mk\/index.php?rest_route=%2Fwp%2Fv2%2Fmedia&parent=39272"}],"wp:term":[{"taxonomy":"category","embeddable":true,"href":"https:\/\/radiojehona.mk\/index.php?rest_route=%2Fwp%2Fv2%2Fcategories&post=39272"},{"taxonomy":"post_tag","embeddable":true,"href":"https:\/\/radiojehona.mk\/index.php?rest_route=%2Fwp%2Fv2%2Ftags&post=39272"}],"curies":[{"name":"wp","href":"https:\/\/api.w.org\/{rel}","templated":true}]}}