{"id":39265,"date":"2024-12-21T11:43:05","date_gmt":"2024-12-21T11:43:05","guid":{"rendered":"https:\/\/radiojehona.com\/?p=39265"},"modified":"2024-12-21T11:43:07","modified_gmt":"2024-12-21T11:43:07","slug":"policia-arreston-disa-persona-nga-struga-per-sulm-fizikisht-ndaj-tetovarit","status":"publish","type":"post","link":"https:\/\/radiojehona.mk\/?p=39265","title":{"rendered":"Policia arreston disa persona nga Struga p\u00ebr sulm fizikisht ndaj tetovarit"},"content":{"rendered":"\n<figure class=\"wp-block-image size-large\"><img fetchpriority=\"high\" decoding=\"async\" width=\"1024\" height=\"666\" src=\"https:\/\/radiojehona.com\/wp-content\/uploads\/2024\/12\/IMG_0007-1024x666.jpeg\" alt=\"\" class=\"wp-image-39266\" srcset=\"https:\/\/radiojehona.mk\/wp-content\/uploads\/2024\/12\/IMG_0007-1024x666.jpeg 1024w, https:\/\/radiojehona.mk\/wp-content\/uploads\/2024\/12\/IMG_0007-300x195.jpeg 300w, https:\/\/radiojehona.mk\/wp-content\/uploads\/2024\/12\/IMG_0007-768x500.jpeg 768w, https:\/\/radiojehona.mk\/wp-content\/uploads\/2024\/12\/IMG_0007.jpeg 1125w\" sizes=\"(max-width: 1024px) 100vw, 1024px\" \/><\/figure>\n\n\n\n<p>M\u00eb dat\u00eb 20.12.2024 n\u00eb ora 22:25, n\u00eb SP Tetov\u00eb jan\u00eb ndaluar personat A.R. (23) dhe A.R. (43), t\u00eb dy nga Struga, dhe G.V. (48) nga fshati Velesht\u00eb, t\u00eb cil\u00ebt n\u00eb ora 16:35 jan\u00eb privuar nga liria nga ana e zyrtar\u00ebve policor\u00eb t\u00eb stacionit policor K\u00ebr\u00e7ov\u00eb, me an\u00eb t\u00eb kall\u00ebzimit t\u00eb m\u00ebparsh\u00ebm nga personi A.N. nga Tetova se e kan\u00eb sulmuar fizikisht n\u00eb af\u00ebrsi t\u00eb stadiumit t\u00eb qytetit n\u00eb Tetov\u00eb dhe, sipas raportimit, gjat\u00eb sulmit kan\u00eb p\u00ebrdorur edhe sende druri dhe i kan\u00eb marr\u00eb \u00e7el\u00ebsin e vetur\u00ebs. Rasti \u00ebsht\u00eb duke u dokumentuar dhe ndaj tyre do t\u00eb vijoj\u00eb parashtres\u00eb p\u00ebrkat\u00ebse.TS<\/p>\n","protected":false},"excerpt":{"rendered":"<p>M&euml; dat&euml; 20.12.2024 n&euml; ora 22:25, n&euml; SP Tetov&euml; jan&euml; ndaluar personat A.R. (23) dhe A.R. (43), t&euml; dy nga Struga, dhe G.V. (48) nga fshati Velesht&euml;, t&euml; cil&euml;t n&euml; ora 16:35 jan&euml; privuar nga liria nga ana e zyrtar&euml;ve policor&euml; t&euml; stacionit policor K&euml;r&ccedil;ov&euml;, me an&euml; t&euml; kall&euml;zimit t&euml; m&euml;parsh&euml;m nga personi A.N. nga [&hellip;]<\/p>\n","protected":false},"author":2,"featured_media":39266,"comment_status":"open","ping_status":"closed","sticky":false,"template":"","format":"standard","meta":{"_monsterinsights_skip_tracking":false,"_monsterinsights_sitenote_active":false,"_monsterinsights_sitenote_note":"","_monsterinsights_sitenote_category":0,"footnotes":""},"categories":[1],"tags":[],"class_list":["post-39265","post","type-post","status-publish","format-standard","has-post-thumbnail","hentry","category-vendi"],"_links":{"self":[{"href":"https:\/\/radiojehona.mk\/index.php?rest_route=\/wp\/v2\/posts\/39265","targetHints":{"allow":["GET"]}}],"collection":[{"href":"https:\/\/radiojehona.mk\/index.php?rest_route=\/wp\/v2\/posts"}],"about":[{"href":"https:\/\/radiojehona.mk\/index.php?rest_route=\/wp\/v2\/types\/post"}],"author":[{"embeddable":true,"href":"https:\/\/radiojehona.mk\/index.php?rest_route=\/wp\/v2\/users\/2"}],"replies":[{"embeddable":true,"href":"https:\/\/radiojehona.mk\/index.php?rest_route=%2Fwp%2Fv2%2Fcomments&post=39265"}],"version-history":[{"count":2,"href":"https:\/\/radiojehona.mk\/index.php?rest_route=\/wp\/v2\/posts\/39265\/revisions"}],"predecessor-version":[{"id":39268,"href":"https:\/\/radiojehona.mk\/index.php?rest_route=\/wp\/v2\/posts\/39265\/revisions\/39268"}],"wp:featuredmedia":[{"embeddable":true,"href":"https:\/\/radiojehona.mk\/index.php?rest_route=\/wp\/v2\/media\/39266"}],"wp:attachment":[{"href":"https:\/\/radiojehona.mk\/index.php?rest_route=%2Fwp%2Fv2%2Fmedia&parent=39265"}],"wp:term":[{"taxonomy":"category","embeddable":true,"href":"https:\/\/radiojehona.mk\/index.php?rest_route=%2Fwp%2Fv2%2Fcategories&post=39265"},{"taxonomy":"post_tag","embeddable":true,"href":"https:\/\/radiojehona.mk\/index.php?rest_route=%2Fwp%2Fv2%2Ftags&post=39265"}],"curies":[{"name":"wp","href":"https:\/\/api.w.org\/{rel}","templated":true}]}}