{"id":39262,"date":"2024-12-21T11:41:12","date_gmt":"2024-12-21T11:41:12","guid":{"rendered":"https:\/\/radiojehona.com\/?p=39262"},"modified":"2024-12-21T11:41:12","modified_gmt":"2024-12-21T11:41:12","slug":"mpj-skemi-marre-informacione-qe-ka-shtetas-te-maqedonise-te-plagosur-apo-te-vdekur-ne-magdeburg-te-gjermanise","status":"publish","type":"post","link":"https:\/\/radiojehona.mk\/?p=39262","title":{"rendered":"MPJ: S\u2019kemi marr\u00eb informacione q\u00eb ka shtetas t\u00eb Maqedonis\u00eb t\u00eb plagosur apo t\u00eb vdekur n\u00eb Magdeburg t\u00eb Gjermanis\u00eb"},"content":{"rendered":"\n<figure class=\"wp-block-image size-large\"><img fetchpriority=\"high\" decoding=\"async\" width=\"1024\" height=\"671\" src=\"https:\/\/radiojehona.com\/wp-content\/uploads\/2024\/12\/IMG_0006-1024x671.jpeg\" alt=\"\" class=\"wp-image-39263\" srcset=\"https:\/\/radiojehona.mk\/wp-content\/uploads\/2024\/12\/IMG_0006-1024x671.jpeg 1024w, https:\/\/radiojehona.mk\/wp-content\/uploads\/2024\/12\/IMG_0006-300x197.jpeg 300w, https:\/\/radiojehona.mk\/wp-content\/uploads\/2024\/12\/IMG_0006-768x503.jpeg 768w, https:\/\/radiojehona.mk\/wp-content\/uploads\/2024\/12\/IMG_0006.jpeg 1125w\" sizes=\"(max-width: 1024px) 100vw, 1024px\" \/><\/figure>\n\n\n\n<p>Nga Ministria e Pun\u00ebve t\u00eb Jashtme p\u00ebr TV21 thon\u00eb se nuk ka informacione p\u00ebr shtetas tan\u00eb t\u00eb l\u00ebnduar apo t\u00eb mbytur pas sulmit t\u00eb mbr\u00ebmjes s\u00eb djeshme n\u00eb Magdeburg t\u00eb Gjermanis\u00eb, ku nj\u00eb makin\u00eb hyri mes turm\u00ebs n\u00eb Tregun e Krishtlindjeve duke l\u00ebn\u00eb pas deri tani 2 t\u00eb vdekur e dhjet\u00ebra t\u00eb plagosur, ku disa prej tyre jan\u00eb n\u00eb gjendje t\u00eb r\u00ebnd\u00eb.<\/p>\n\n\n\n<p>\u201cJu njoftojm\u00eb se deri n\u00eb k\u00ebt\u00eb moment Ministria e Pun\u00ebve t\u00eb Jashtme dhe Tregtis\u00eb s\u00eb Jashtme nuk ka marr\u00eb informacione p\u00ebr shtetas t\u00eb l\u00ebnduar apo t\u00eb vdekur t\u00eb Maqedonis\u00eb n\u00eb incidentin e djesh\u00ebm n\u00eb Magdeburg. Ambasada e Republik\u00ebs s\u00eb Maqedonis\u00eb s\u00eb Veriut n\u00eb Berlin \u00ebsht\u00eb n\u00eb komunikim t\u00eb vazhduesh\u00ebm me autoritetet kompetente gjermane. P\u00ebr t\u00eb gjitha informatat shtes\u00eb, publiku do t\u00eb njoftohet me koh\u00eb\u201d, thon\u00eb mes tjerash nga MPJ p\u00ebr TV21.<br><br><br><\/p>\n","protected":false},"excerpt":{"rendered":"<p>Nga Ministria e Pun&euml;ve t&euml; Jashtme p&euml;r TV21 thon&euml; se nuk ka informacione p&euml;r shtetas tan&euml; t&euml; l&euml;nduar apo t&euml; mbytur pas sulmit t&euml; mbr&euml;mjes s&euml; djeshme n&euml; Magdeburg t&euml; Gjermanis&euml;, ku nj&euml; makin&euml; hyri mes turm&euml;s n&euml; Tregun e Krishtlindjeve duke l&euml;n&euml; pas deri tani 2 t&euml; vdekur e dhjet&euml;ra t&euml; plagosur, ku disa [&hellip;]<\/p>\n","protected":false},"author":2,"featured_media":39263,"comment_status":"open","ping_status":"closed","sticky":false,"template":"","format":"standard","meta":{"_monsterinsights_skip_tracking":false,"_monsterinsights_sitenote_active":false,"_monsterinsights_sitenote_note":"","_monsterinsights_sitenote_category":0,"footnotes":""},"categories":[1],"tags":[],"class_list":["post-39262","post","type-post","status-publish","format-standard","has-post-thumbnail","hentry","category-vendi"],"_links":{"self":[{"href":"https:\/\/radiojehona.mk\/index.php?rest_route=\/wp\/v2\/posts\/39262","targetHints":{"allow":["GET"]}}],"collection":[{"href":"https:\/\/radiojehona.mk\/index.php?rest_route=\/wp\/v2\/posts"}],"about":[{"href":"https:\/\/radiojehona.mk\/index.php?rest_route=\/wp\/v2\/types\/post"}],"author":[{"embeddable":true,"href":"https:\/\/radiojehona.mk\/index.php?rest_route=\/wp\/v2\/users\/2"}],"replies":[{"embeddable":true,"href":"https:\/\/radiojehona.mk\/index.php?rest_route=%2Fwp%2Fv2%2Fcomments&post=39262"}],"version-history":[{"count":1,"href":"https:\/\/radiojehona.mk\/index.php?rest_route=\/wp\/v2\/posts\/39262\/revisions"}],"predecessor-version":[{"id":39264,"href":"https:\/\/radiojehona.mk\/index.php?rest_route=\/wp\/v2\/posts\/39262\/revisions\/39264"}],"wp:featuredmedia":[{"embeddable":true,"href":"https:\/\/radiojehona.mk\/index.php?rest_route=\/wp\/v2\/media\/39263"}],"wp:attachment":[{"href":"https:\/\/radiojehona.mk\/index.php?rest_route=%2Fwp%2Fv2%2Fmedia&parent=39262"}],"wp:term":[{"taxonomy":"category","embeddable":true,"href":"https:\/\/radiojehona.mk\/index.php?rest_route=%2Fwp%2Fv2%2Fcategories&post=39262"},{"taxonomy":"post_tag","embeddable":true,"href":"https:\/\/radiojehona.mk\/index.php?rest_route=%2Fwp%2Fv2%2Ftags&post=39262"}],"curies":[{"name":"wp","href":"https:\/\/api.w.org\/{rel}","templated":true}]}}