{"id":39258,"date":"2024-12-21T11:12:54","date_gmt":"2024-12-21T11:12:54","guid":{"rendered":"https:\/\/radiojehona.com\/?p=39258"},"modified":"2024-12-21T11:12:54","modified_gmt":"2024-12-21T11:12:54","slug":"mexhiti-grubi-ndodhet-ne-shqiperi","status":"publish","type":"post","link":"https:\/\/radiojehona.mk\/?p=39258","title":{"rendered":"Mexhiti: Grubi ndodhet n\u00eb Shqip\u00ebri!"},"content":{"rendered":"\n<figure class=\"wp-block-image size-large\"><img fetchpriority=\"high\" decoding=\"async\" width=\"1024\" height=\"642\" src=\"https:\/\/radiojehona.com\/wp-content\/uploads\/2024\/12\/IMG_0005-1024x642.jpeg\" alt=\"\" class=\"wp-image-39259\" srcset=\"https:\/\/radiojehona.mk\/wp-content\/uploads\/2024\/12\/IMG_0005-1024x642.jpeg 1024w, https:\/\/radiojehona.mk\/wp-content\/uploads\/2024\/12\/IMG_0005-300x188.jpeg 300w, https:\/\/radiojehona.mk\/wp-content\/uploads\/2024\/12\/IMG_0005-768x481.jpeg 768w, https:\/\/radiojehona.mk\/wp-content\/uploads\/2024\/12\/IMG_0005.jpeg 1125w\" sizes=\"(max-width: 1024px) 100vw, 1024px\" \/><\/figure>\n\n\n\n<p>Z\u00ebvend\u00ebs kryeministri i Par\u00eb i Maqedonis\u00eb s\u00eb Veriut dhe nj\u00ebher\u00ebsh minist\u00ebr i Mjedisit Jet\u00ebsor dhe Planifikimit Hap\u00ebsinor, Izet Mexhiti ka folur p\u00ebr shpalljen \u201cnon grata\u201d nga Departamenti Amerikan i Shtetit i ish-zv.kryeministrit t\u00eb m\u00ebparsh\u00ebm shqiptar Artan Grubi. I pyetur nga Ora News se ku ndodhet, ai tha:<\/p>\n\n\n\n<p>\u201cMendoj se \u00ebsht\u00eb detyr\u00eb e organeve t\u00eb rendit, ata do t\u00eb b\u00ebjn\u00eb dhe padi nd\u00ebrkomb\u00ebtare p\u00ebrmes INTERPOLIT. Sipas informatave, nuk \u00ebsht\u00eb n\u00eb Kosov\u00eb, por \u00ebsht\u00eb tek ju n\u00eb Shqip\u00ebri. Por s\u2019\u00ebsht\u00eb kjo e r\u00ebnd\u00ebsishme, por me arratisjen e tij ka d\u00ebshmuar faj\u00ebsin\u00eb e tij dhe ndaj ai ka ikur nga vendi\u201d, tha Mexhiti.<\/p>\n","protected":false},"excerpt":{"rendered":"<p>Z&euml;vend&euml;s kryeministri i Par&euml; i Maqedonis&euml; s&euml; Veriut dhe nj&euml;her&euml;sh minist&euml;r i Mjedisit Jet&euml;sor dhe Planifikimit Hap&euml;sinor, Izet Mexhiti ka folur p&euml;r shpalljen &ldquo;non grata&rdquo; nga Departamenti Amerikan i Shtetit i ish-zv.kryeministrit t&euml; m&euml;parsh&euml;m shqiptar Artan Grubi. I pyetur nga Ora News se ku ndodhet, ai tha: &ldquo;Mendoj se &euml;sht&euml; detyr&euml; e organeve t&euml; rendit, [&hellip;]<\/p>\n","protected":false},"author":2,"featured_media":39259,"comment_status":"open","ping_status":"closed","sticky":false,"template":"","format":"standard","meta":{"_monsterinsights_skip_tracking":false,"_monsterinsights_sitenote_active":false,"_monsterinsights_sitenote_note":"","_monsterinsights_sitenote_category":0,"footnotes":""},"categories":[1],"tags":[],"class_list":["post-39258","post","type-post","status-publish","format-standard","has-post-thumbnail","hentry","category-vendi"],"_links":{"self":[{"href":"https:\/\/radiojehona.mk\/index.php?rest_route=\/wp\/v2\/posts\/39258","targetHints":{"allow":["GET"]}}],"collection":[{"href":"https:\/\/radiojehona.mk\/index.php?rest_route=\/wp\/v2\/posts"}],"about":[{"href":"https:\/\/radiojehona.mk\/index.php?rest_route=\/wp\/v2\/types\/post"}],"author":[{"embeddable":true,"href":"https:\/\/radiojehona.mk\/index.php?rest_route=\/wp\/v2\/users\/2"}],"replies":[{"embeddable":true,"href":"https:\/\/radiojehona.mk\/index.php?rest_route=%2Fwp%2Fv2%2Fcomments&post=39258"}],"version-history":[{"count":2,"href":"https:\/\/radiojehona.mk\/index.php?rest_route=\/wp\/v2\/posts\/39258\/revisions"}],"predecessor-version":[{"id":39261,"href":"https:\/\/radiojehona.mk\/index.php?rest_route=\/wp\/v2\/posts\/39258\/revisions\/39261"}],"wp:featuredmedia":[{"embeddable":true,"href":"https:\/\/radiojehona.mk\/index.php?rest_route=\/wp\/v2\/media\/39259"}],"wp:attachment":[{"href":"https:\/\/radiojehona.mk\/index.php?rest_route=%2Fwp%2Fv2%2Fmedia&parent=39258"}],"wp:term":[{"taxonomy":"category","embeddable":true,"href":"https:\/\/radiojehona.mk\/index.php?rest_route=%2Fwp%2Fv2%2Fcategories&post=39258"},{"taxonomy":"post_tag","embeddable":true,"href":"https:\/\/radiojehona.mk\/index.php?rest_route=%2Fwp%2Fv2%2Ftags&post=39258"}],"curies":[{"name":"wp","href":"https:\/\/api.w.org\/{rel}","templated":true}]}}