{"id":39255,"date":"2024-12-21T10:31:00","date_gmt":"2024-12-21T10:31:00","guid":{"rendered":"https:\/\/radiojehona.com\/?p=39255"},"modified":"2024-12-21T10:31:01","modified_gmt":"2024-12-21T10:31:01","slug":"mergimtaret-ia-mesyjne-maqedonise-kolona-te-gjata-veturash-e-autobusesh-ne-piken-kufitare-tabanoc","status":"publish","type":"post","link":"https:\/\/radiojehona.mk\/?p=39255","title":{"rendered":"M\u00ebrgimtar\u00ebt ia m\u00ebsyjn\u00eb Maqedonis\u00eb, kolona t\u00eb gjata veturash e autobus\u00ebsh n\u00eb pik\u00ebn kufitare \u201cTabanoc\u201d"},"content":{"rendered":"\n<figure class=\"wp-block-image size-large\"><img fetchpriority=\"high\" decoding=\"async\" width=\"1024\" height=\"621\" src=\"https:\/\/radiojehona.com\/wp-content\/uploads\/2024\/12\/IMG_0004-1024x621.jpeg\" alt=\"\" class=\"wp-image-39256\" srcset=\"https:\/\/radiojehona.mk\/wp-content\/uploads\/2024\/12\/IMG_0004-1024x621.jpeg 1024w, https:\/\/radiojehona.mk\/wp-content\/uploads\/2024\/12\/IMG_0004-300x182.jpeg 300w, https:\/\/radiojehona.mk\/wp-content\/uploads\/2024\/12\/IMG_0004-768x466.jpeg 768w, https:\/\/radiojehona.mk\/wp-content\/uploads\/2024\/12\/IMG_0004.jpeg 1125w\" sizes=\"(max-width: 1024px) 100vw, 1024px\" \/><\/figure>\n\n\n\n<p>Festat e fundvitit po afrojn\u00eb, nd\u00ebrsa tashm\u00eb kan\u00eb filluar edhe pushimet n\u00ebp\u00ebr shtetet e Europ\u00ebs, ku ka m\u00ebrgimtar\u00eb t\u00eb shumt\u00eb nga Maqedonia e Veriut.<\/p>\n\n\n\n<p>Si rrjedhoj\u00eb, paraditen e 21 dhjetorit, n\u00eb pik\u00ebn kufitare \u201cTabanoc\u201d v\u00ebrehet nj\u00eb fluks i madh i veturave dhe autobus\u00ebve, n\u00eb hyrje nga Serbia n\u00eb Maqedonin\u00eb e Veriut dhe anasjelltas.<\/p>\n","protected":false},"excerpt":{"rendered":"<p>Festat e fundvitit po afrojn&euml;, nd&euml;rsa tashm&euml; kan&euml; filluar edhe pushimet n&euml;p&euml;r shtetet e Europ&euml;s, ku ka m&euml;rgimtar&euml; t&euml; shumt&euml; nga Maqedonia e Veriut. Si rrjedhoj&euml;, paraditen e 21 dhjetorit, n&euml; pik&euml;n kufitare &ldquo;Tabanoc&rdquo; v&euml;rehet nj&euml; fluks i madh i veturave dhe autobus&euml;ve, n&euml; hyrje nga Serbia n&euml; Maqedonin&euml; e Veriut dhe anasjelltas.<\/p>\n","protected":false},"author":2,"featured_media":39256,"comment_status":"open","ping_status":"closed","sticky":false,"template":"","format":"standard","meta":{"_monsterinsights_skip_tracking":false,"_monsterinsights_sitenote_active":false,"_monsterinsights_sitenote_note":"","_monsterinsights_sitenote_category":0,"footnotes":""},"categories":[1],"tags":[],"class_list":["post-39255","post","type-post","status-publish","format-standard","has-post-thumbnail","hentry","category-vendi"],"_links":{"self":[{"href":"https:\/\/radiojehona.mk\/index.php?rest_route=\/wp\/v2\/posts\/39255","targetHints":{"allow":["GET"]}}],"collection":[{"href":"https:\/\/radiojehona.mk\/index.php?rest_route=\/wp\/v2\/posts"}],"about":[{"href":"https:\/\/radiojehona.mk\/index.php?rest_route=\/wp\/v2\/types\/post"}],"author":[{"embeddable":true,"href":"https:\/\/radiojehona.mk\/index.php?rest_route=\/wp\/v2\/users\/2"}],"replies":[{"embeddable":true,"href":"https:\/\/radiojehona.mk\/index.php?rest_route=%2Fwp%2Fv2%2Fcomments&post=39255"}],"version-history":[{"count":1,"href":"https:\/\/radiojehona.mk\/index.php?rest_route=\/wp\/v2\/posts\/39255\/revisions"}],"predecessor-version":[{"id":39257,"href":"https:\/\/radiojehona.mk\/index.php?rest_route=\/wp\/v2\/posts\/39255\/revisions\/39257"}],"wp:featuredmedia":[{"embeddable":true,"href":"https:\/\/radiojehona.mk\/index.php?rest_route=\/wp\/v2\/media\/39256"}],"wp:attachment":[{"href":"https:\/\/radiojehona.mk\/index.php?rest_route=%2Fwp%2Fv2%2Fmedia&parent=39255"}],"wp:term":[{"taxonomy":"category","embeddable":true,"href":"https:\/\/radiojehona.mk\/index.php?rest_route=%2Fwp%2Fv2%2Fcategories&post=39255"},{"taxonomy":"post_tag","embeddable":true,"href":"https:\/\/radiojehona.mk\/index.php?rest_route=%2Fwp%2Fv2%2Ftags&post=39255"}],"curies":[{"name":"wp","href":"https:\/\/api.w.org\/{rel}","templated":true}]}}