{"id":39249,"date":"2024-12-20T18:02:25","date_gmt":"2024-12-20T18:02:25","guid":{"rendered":"https:\/\/radiojehona.com\/?p=39249"},"modified":"2024-12-20T18:02:26","modified_gmt":"2024-12-20T18:02:26","slug":"infeksioni-kronik-i-zorreve-ndikon-ne-shfaqjen-e-ketij-crregullimi-studim","status":"publish","type":"post","link":"https:\/\/radiojehona.mk\/?p=39249","title":{"rendered":"Infeksioni kronik i ZORR\u00cbVE ndikon n\u00eb shfaqjen e k\u00ebtij \u00e7rregullimi\u2026\/Studim!"},"content":{"rendered":"\n<figure class=\"wp-block-image size-large\"><img fetchpriority=\"high\" decoding=\"async\" width=\"1024\" height=\"572\" src=\"https:\/\/radiojehona.com\/wp-content\/uploads\/2024\/12\/IMG_0001-1024x572.jpeg\" alt=\"\" class=\"wp-image-39250\" srcset=\"https:\/\/radiojehona.mk\/wp-content\/uploads\/2024\/12\/IMG_0001-1024x572.jpeg 1024w, https:\/\/radiojehona.mk\/wp-content\/uploads\/2024\/12\/IMG_0001-300x167.jpeg 300w, https:\/\/radiojehona.mk\/wp-content\/uploads\/2024\/12\/IMG_0001-768x429.jpeg 768w, https:\/\/radiojehona.mk\/wp-content\/uploads\/2024\/12\/IMG_0001.jpeg 1125w\" sizes=\"(max-width: 1024px) 100vw, 1024px\" \/><\/figure>\n\n\n\n<p>Ka nj\u00eb korrelacion midis infeksionit kronik t\u00eb zorr\u00ebve dhe fillimit t\u00eb s\u00ebmundjes Alzheimer p\u00ebr shkak t\u00eb nj\u00eb virusi t\u00eb zakonsh\u00ebm q\u00eb infekton njer\u00ebzit shum\u00eb shpesh, zbuluan k\u00ebrkimet e b\u00ebra nga shkenc\u00ebtar\u00ebt n\u00eb Universitetin Shtet\u00ebror t\u00eb Arizon\u00ebs dhe Institutin Banner Alzheimer. Sipas hulumtimit \u00ebsht\u00eb citomegalovirus, nj\u00eb nga n\u00ebnt\u00eb viruset herpes q\u00eb shumica e njer\u00ebzve mendohet se jan\u00eb t\u00eb ekspozuar gjat\u00eb dekadave t\u00eb para t\u00eb jet\u00ebs. Bazuar n\u00eb rezultatet n\u00eb disa njer\u00ebz, virusi mund t\u00eb mbetet n\u00eb nj\u00eb gjendje aktive n\u00eb zorr\u00eb dhe t\u00eb udh\u00ebtoj\u00eb n\u00eb tru n\u00ebp\u00ebrmjet nervit vagus, i cili lidh zorr\u00ebn me trurin.<\/p>\n\n\n\n<p>Pasi atje, virusi mund t\u00eb ndryshoj\u00eb sistemin imunitar dhe t\u00eb kontribuoj\u00eb n\u00eb ndryshime t\u00eb tjera q\u00eb lidhen me s\u00ebmundjen e Alzheimerit. Studiuesit theksojn\u00eb, megjithat\u00eb, se kontakti i thjesht\u00eb me virusin nuk duhet t\u00eb jet\u00eb shkak p\u00ebr shqet\u00ebsim, pasi virusi u zbulua vet\u00ebm n\u00eb nj\u00eb n\u00ebngrup njer\u00ebzish. Ata tani po zhvillojn\u00eb nj\u00eb test gjaku p\u00ebr t\u00eb identifikuar njer\u00ebzit q\u00eb kan\u00eb nj\u00eb infeksion aktiv citomegalovirus dhe q\u00ebllimi i tyre i ardhsh\u00ebm \u00ebsht\u00eb t\u00eb shqyrtojn\u00eb n\u00ebse barnat ekzistuese antivirale mund t\u00eb trajtojn\u00eb ose parandalojn\u00eb k\u00ebt\u00eb form\u00eb t\u00eb s\u00ebmundjes Alzheimer.<\/p>\n\n\n\n<p>Studiuesit v\u00ebrejn\u00eb se studimi demonstron ndikimin e mundsh\u00ebm q\u00eb mund t\u00eb ken\u00eb infeksionet n\u00eb sh\u00ebndetin e trurit dhe neurodegjenerimin. Megjithat\u00eb, ata shtojn\u00eb se nevojiten studime t\u00eb pavarura p\u00ebr t\u00eb testuar gjetjet e tyre. Rikujtojm\u00eb se shkenctar\u00ebt, kan\u00eb p\u00ebrcaktuar lidhjen midis gjurm\u00ebve t\u00eb gishtave dhe t\u00eb gjurm\u00ebve t\u00eb shuplakave me rrezikun e shtuar nga diabeti, depresioni, impotenca. Gjurm\u00ebt e gishtave, t\u00eb cilat p\u00ebrdoren n\u00eb kriminalistik\u00eb p\u00ebr zbulimin e autorit t\u00eb krimit, do t\u00eb mund t\u00eb ndihmojn\u00eb edhe n\u00eb zbulimin e personave t\u00eb cil\u00ebt rrezikohen nga zhvillimi i ndonj\u00eb s\u00ebmundjeje, madje edhe para se t\u00eb shfaqen simptomat.<\/p>\n\n\n\n<p>Nj\u00eb hulumtim ka treguar q\u00eb grat\u00eb me tipin specifik t\u00eb gjurm\u00ebve t\u00eb gishtave, p\u00ebrkat\u00ebsisht me m\u00eb pak unaza dhe m\u00eb shum\u00eb harqe, kan\u00eb rrezik t\u00eb shtuar nga zhvillimi i tumoreve gjinekologjike. Q\u00eb m\u00eb her\u00ebt shkenc\u00ebtar\u00ebt kan\u00eb p\u00ebrcaktuar q\u00eb ekziston lidhja midis gjurm\u00ebve t\u00eb gishtave dhe t\u00eb shuplakave, dhe rrezikut t\u00eb shtuar nga disa s\u00ebmundje, si\u00e7 jan\u00eb diabeti, s\u00ebmundja e Alzheimerit, leucemia, depresioni, impotenca, madje edhe s\u00ebmundja e mishit t\u00eb dh\u00ebmb\u00ebve.<\/p>\n","protected":false},"excerpt":{"rendered":"<p>Ka nj&euml; korrelacion midis infeksionit kronik t&euml; zorr&euml;ve dhe fillimit t&euml; s&euml;mundjes Alzheimer p&euml;r shkak t&euml; nj&euml; virusi t&euml; zakonsh&euml;m q&euml; infekton njer&euml;zit shum&euml; shpesh, zbuluan k&euml;rkimet e b&euml;ra nga shkenc&euml;tar&euml;t n&euml; Universitetin Shtet&euml;ror t&euml; Arizon&euml;s dhe Institutin Banner Alzheimer. Sipas hulumtimit &euml;sht&euml; citomegalovirus, nj&euml; nga n&euml;nt&euml; viruset herpes q&euml; shumica e njer&euml;zve mendohet se [&hellip;]<\/p>\n","protected":false},"author":2,"featured_media":39250,"comment_status":"open","ping_status":"closed","sticky":false,"template":"","format":"standard","meta":{"_monsterinsights_skip_tracking":false,"_monsterinsights_sitenote_active":false,"_monsterinsights_sitenote_note":"","_monsterinsights_sitenote_category":0,"footnotes":""},"categories":[572],"tags":[],"class_list":["post-39249","post","type-post","status-publish","format-standard","has-post-thumbnail","hentry","category-shendeti"],"_links":{"self":[{"href":"https:\/\/radiojehona.mk\/index.php?rest_route=\/wp\/v2\/posts\/39249","targetHints":{"allow":["GET"]}}],"collection":[{"href":"https:\/\/radiojehona.mk\/index.php?rest_route=\/wp\/v2\/posts"}],"about":[{"href":"https:\/\/radiojehona.mk\/index.php?rest_route=\/wp\/v2\/types\/post"}],"author":[{"embeddable":true,"href":"https:\/\/radiojehona.mk\/index.php?rest_route=\/wp\/v2\/users\/2"}],"replies":[{"embeddable":true,"href":"https:\/\/radiojehona.mk\/index.php?rest_route=%2Fwp%2Fv2%2Fcomments&post=39249"}],"version-history":[{"count":1,"href":"https:\/\/radiojehona.mk\/index.php?rest_route=\/wp\/v2\/posts\/39249\/revisions"}],"predecessor-version":[{"id":39251,"href":"https:\/\/radiojehona.mk\/index.php?rest_route=\/wp\/v2\/posts\/39249\/revisions\/39251"}],"wp:featuredmedia":[{"embeddable":true,"href":"https:\/\/radiojehona.mk\/index.php?rest_route=\/wp\/v2\/media\/39250"}],"wp:attachment":[{"href":"https:\/\/radiojehona.mk\/index.php?rest_route=%2Fwp%2Fv2%2Fmedia&parent=39249"}],"wp:term":[{"taxonomy":"category","embeddable":true,"href":"https:\/\/radiojehona.mk\/index.php?rest_route=%2Fwp%2Fv2%2Fcategories&post=39249"},{"taxonomy":"post_tag","embeddable":true,"href":"https:\/\/radiojehona.mk\/index.php?rest_route=%2Fwp%2Fv2%2Ftags&post=39249"}],"curies":[{"name":"wp","href":"https:\/\/api.w.org\/{rel}","templated":true}]}}