{"id":39245,"date":"2024-12-20T17:58:39","date_gmt":"2024-12-20T17:58:39","guid":{"rendered":"https:\/\/radiojehona.com\/?p=39245"},"modified":"2024-12-20T17:58:40","modified_gmt":"2024-12-20T17:58:40","slug":"mori-pas-vetes-zemerimin-e-publikut-parashqevi-simaku-i-del-ne-mbrojtje-pirro-cakos","status":"publish","type":"post","link":"https:\/\/radiojehona.mk\/?p=39245","title":{"rendered":"Mori pas vetes zem\u00ebrimin e publikut, Parashqevi Simaku i del n\u00eb mbrojtje Pirro \u00c7akos"},"content":{"rendered":"\n<figure class=\"wp-block-image size-large\"><img fetchpriority=\"high\" decoding=\"async\" width=\"1024\" height=\"562\" src=\"https:\/\/radiojehona.com\/wp-content\/uploads\/2024\/12\/IMG_9999-1024x562.jpeg\" alt=\"\" class=\"wp-image-39246\" srcset=\"https:\/\/radiojehona.mk\/wp-content\/uploads\/2024\/12\/IMG_9999-1024x562.jpeg 1024w, https:\/\/radiojehona.mk\/wp-content\/uploads\/2024\/12\/IMG_9999-300x165.jpeg 300w, https:\/\/radiojehona.mk\/wp-content\/uploads\/2024\/12\/IMG_9999-768x421.jpeg 768w, https:\/\/radiojehona.mk\/wp-content\/uploads\/2024\/12\/IMG_9999.jpeg 1125w\" sizes=\"(max-width: 1024px) 100vw, 1024px\" \/><figcaption class=\"wp-element-caption\">Screenshot<\/figcaption><\/figure>\n\n\n\n<p>Duke shfryt\u00ebzuar buj\u00ebn e momentit ndaj k\u00ebng\u00ebtares Parashqevi Simaku dhe k\u00ebng\u00ebve t\u00eb saj nd\u00ebr vite, Pirro \u00c7ako mori k\u00ebng\u00ebn \u2018E duam lumturin\u00eb\u2019, nj\u00eb nd\u00ebr m\u00eb t\u00eb famshmet t\u00eb k\u00ebnduara nga Simaku dhe e hodhi n\u00eb kanalin e tij t\u00eb Youtube, duke qen\u00eb se i takon autor\u00ebsia e muzik\u00ebs.<\/p>\n\n\n\n<p>K\u00ebnga ka ekzistuar n\u00eb kanalin e \u201cYouTube\u201d prej m\u00eb shum\u00eb se 9 vitesh, e ngarkuar n\u00eb nj\u00eb kanal jozyrtar, me plot 5 milion\u00eb e gjysm\u00eb klikime, e ku t\u00eb shumt\u00eb ishin ata q\u00eb riktheheshin her\u00eb pas here p\u00ebr ta d\u00ebgjuar.<\/p>\n\n\n\n<p>Mbi 200 mij\u00eb klikime, k\u00ebng\u00ebs iu shtuan vet\u00ebm gjat\u00eb jav\u00ebs s\u00eb fundit, dhe kjo fal\u00eb interesit t\u00eb madh q\u00eb ngjall\u00ebn lajmet p\u00ebr k\u00ebng\u00ebtaren n\u00eb SHBA. Versioni i vjet\u00ebr me miliona klikime \u00ebsht\u00eb fshir\u00eb nga YouTube, nd\u00ebrsa k\u00ebnga \u00ebsht\u00eb rihedhur nj\u00eb dit\u00eb m\u00eb par\u00eb, n\u00eb mesin e interesit t\u00eb shtuar p\u00ebr Parashqevi Simakun, nga kanali zyrtar i Pirro \u00c7akos.<\/p>\n\n\n\n<p>Ky veprim, m\u00ebse i justifikuar i artistit, u keqkuptua nga masa e gjer\u00eb q\u00eb menduan se Pirro hoqi k\u00ebng\u00ebn nga kanali i Youtube, duke privuar publikun nga d\u00ebgjimi i saj, por n\u00eb fakt kantautori i njohur g\u00ebzon t\u00eb drejtat e autor\u00ebsis\u00eb dhe thjesht e ka spostuar k\u00ebng\u00ebn nga nj\u00eb \u2018i panjohur\u2019, tek kanali i tij.<\/p>\n\n\n\n<p>Mbi gjith\u00eb aludimet e ngritura online, ka reaguar Elton Ilirjani, i cili po kujdeset p\u00ebr k\u00ebng\u00ebtaren dhe shkruan se Parashqevia flet me nota pozitiviteti p\u00ebr kantautorin dhe t\u00eb atin e tij dhe lutet q\u00eb t\u00eb mos abuzohet me emrin e tij: \u201cJu lutemi mos abuzoni me emrin e Pirro&nbsp; \u00c7ako! K\u00ebrkes\u00eb e Parashqevis\u00eb! Ajo e respekton Pirron dhe e kujton me mall at\u00eb dhe babain e tij, Gaqo \u00c7ako!\u201d<\/p>\n\n\n\n<figure class=\"wp-block-image\"><img decoding=\"async\" src=\"https:\/\/media.gazetatema.net\/gazetatema.net\/media3\/-0-500-1734706833x900-0-1734705342xilirjani-per-pirron12-455-804.png\" alt=\"\"\/><\/figure>\n","protected":false},"excerpt":{"rendered":"<p>Duke shfryt&euml;zuar buj&euml;n e momentit ndaj k&euml;ng&euml;tares Parashqevi Simaku dhe k&euml;ng&euml;ve t&euml; saj nd&euml;r vite, Pirro &Ccedil;ako mori k&euml;ng&euml;n &lsquo;E duam lumturin&euml;&rsquo;, nj&euml; nd&euml;r m&euml; t&euml; famshmet t&euml; k&euml;nduara nga Simaku dhe e hodhi n&euml; kanalin e tij t&euml; Youtube, duke qen&euml; se i takon autor&euml;sia e muzik&euml;s. K&euml;nga ka ekzistuar n&euml; kanalin e &ldquo;YouTube&rdquo; [&hellip;]<\/p>\n","protected":false},"author":2,"featured_media":39246,"comment_status":"open","ping_status":"closed","sticky":false,"template":"","format":"standard","meta":{"_monsterinsights_skip_tracking":false,"_monsterinsights_sitenote_active":false,"_monsterinsights_sitenote_note":"","_monsterinsights_sitenote_category":0,"footnotes":""},"categories":[7],"tags":[],"class_list":["post-39245","post","type-post","status-publish","format-standard","has-post-thumbnail","hentry","category-showbizz"],"_links":{"self":[{"href":"https:\/\/radiojehona.mk\/index.php?rest_route=\/wp\/v2\/posts\/39245","targetHints":{"allow":["GET"]}}],"collection":[{"href":"https:\/\/radiojehona.mk\/index.php?rest_route=\/wp\/v2\/posts"}],"about":[{"href":"https:\/\/radiojehona.mk\/index.php?rest_route=\/wp\/v2\/types\/post"}],"author":[{"embeddable":true,"href":"https:\/\/radiojehona.mk\/index.php?rest_route=\/wp\/v2\/users\/2"}],"replies":[{"embeddable":true,"href":"https:\/\/radiojehona.mk\/index.php?rest_route=%2Fwp%2Fv2%2Fcomments&post=39245"}],"version-history":[{"count":2,"href":"https:\/\/radiojehona.mk\/index.php?rest_route=\/wp\/v2\/posts\/39245\/revisions"}],"predecessor-version":[{"id":39248,"href":"https:\/\/radiojehona.mk\/index.php?rest_route=\/wp\/v2\/posts\/39245\/revisions\/39248"}],"wp:featuredmedia":[{"embeddable":true,"href":"https:\/\/radiojehona.mk\/index.php?rest_route=\/wp\/v2\/media\/39246"}],"wp:attachment":[{"href":"https:\/\/radiojehona.mk\/index.php?rest_route=%2Fwp%2Fv2%2Fmedia&parent=39245"}],"wp:term":[{"taxonomy":"category","embeddable":true,"href":"https:\/\/radiojehona.mk\/index.php?rest_route=%2Fwp%2Fv2%2Fcategories&post=39245"},{"taxonomy":"post_tag","embeddable":true,"href":"https:\/\/radiojehona.mk\/index.php?rest_route=%2Fwp%2Fv2%2Ftags&post=39245"}],"curies":[{"name":"wp","href":"https:\/\/api.w.org\/{rel}","templated":true}]}}