{"id":39242,"date":"2024-12-20T16:17:51","date_gmt":"2024-12-20T16:17:51","guid":{"rendered":"https:\/\/radiojehona.com\/?p=39242"},"modified":"2024-12-20T16:17:51","modified_gmt":"2024-12-20T16:17:51","slug":"nga-1-janari-ne-maqedoni-rregulla-te-reja-per-regjistrimin-e-automjeteve","status":"publish","type":"post","link":"https:\/\/radiojehona.mk\/?p=39242","title":{"rendered":"Nga 1 janari n\u00eb Maqedoni rregulla t\u00eb reja p\u00ebr regjistrimin e automjeteve"},"content":{"rendered":"\n<figure class=\"wp-block-image size-large\"><img fetchpriority=\"high\" decoding=\"async\" width=\"1024\" height=\"572\" src=\"https:\/\/radiojehona.com\/wp-content\/uploads\/2024\/12\/IMG_9998-1024x572.jpeg\" alt=\"\" class=\"wp-image-39243\" srcset=\"https:\/\/radiojehona.mk\/wp-content\/uploads\/2024\/12\/IMG_9998-1024x572.jpeg 1024w, https:\/\/radiojehona.mk\/wp-content\/uploads\/2024\/12\/IMG_9998-300x167.jpeg 300w, https:\/\/radiojehona.mk\/wp-content\/uploads\/2024\/12\/IMG_9998-768x429.jpeg 768w, https:\/\/radiojehona.mk\/wp-content\/uploads\/2024\/12\/IMG_9998.jpeg 1125w\" sizes=\"(max-width: 1024px) 100vw, 1024px\" \/><\/figure>\n\n\n\n<p>Ministri i Pun\u00ebve t\u00eb Brendshme, Pan\u00e7e Toshkovski theksoi se po fillohet me zbatimin e asaj q\u00eb \u00ebsht\u00eb n\u00eb pjes\u00ebn e rregullores dhe ka t\u00eb b\u00ebj\u00eb me rregullat n\u00eb kuad\u00ebr t\u00eb MPB-s\u00eb dhe i referohet projektit \u201cQyteti i sigurt\u201d.<\/p>\n\n\n\n<p>\u201cNga 1 janari 2025, kushdo q\u00eb duhet t\u00eb regjistroj\u00eb automjetin e tij do t\u00eb duhet t\u00eb paraqes\u00eb nj\u00eb num\u00ebr telefoni, adres\u00eb e-mail brenda sistemit dhe t\u00eb b\u00ebj\u00eb nj\u00eb deklarat\u00eb n\u00ebn p\u00ebrgjegj\u00ebsin\u00eb morale materiale dhe penale se numri i telefonit dhe adresa e post\u00ebs elektronike jan\u00eb t\u00eb lidhura. ndaj personit q\u00eb posedon mjetin. Thjesht verifikoni q\u00eb ato jan\u00eb t\u00eb sakta. Bazuar n\u00eb mbledhjen e k\u00ebtyre t\u00eb dh\u00ebnave, n\u00eb nj\u00eb cik\u00ebl nj\u00ebvje\u00e7ar do t\u00eb mbyllim t\u00eb gjith\u00eb pronar\u00ebt e automjeteve. M\u00eb n\u00eb fund po fillojm\u00eb me legjislacionin lidhur me k\u00ebt\u00eb projekt. Mendoj se ndryshimet e ligjit do t\u00eb duhet t\u00eb fillojn\u00eb para vitit t\u00eb ri ose deri m\u00eb 15 janar, zbuloi Toshkovski.<\/p>\n\n\n\n<p>Me k\u00e9t\u00eb sistem, pronar\u00ebt e veturave do jen\u00eb n\u00e9 regjistrin e MPB dhe se ata do pranojn\u00eb \u00e7do informat\u00eb, dokument por edhe gjoba n\u00eb m\u00ebnyr\u00eb elektronike p\u00ebrmes emailit ose telefonit.<\/p>\n","protected":false},"excerpt":{"rendered":"<p>Ministri i Pun&euml;ve t&euml; Brendshme, Pan&ccedil;e Toshkovski theksoi se po fillohet me zbatimin e asaj q&euml; &euml;sht&euml; n&euml; pjes&euml;n e rregullores dhe ka t&euml; b&euml;j&euml; me rregullat n&euml; kuad&euml;r t&euml; MPB-s&euml; dhe i referohet projektit &ldquo;Qyteti i sigurt&rdquo;. &ldquo;Nga 1 janari 2025, kushdo q&euml; duhet t&euml; regjistroj&euml; automjetin e tij do t&euml; duhet t&euml; paraqes&euml; [&hellip;]<\/p>\n","protected":false},"author":2,"featured_media":39243,"comment_status":"open","ping_status":"closed","sticky":false,"template":"","format":"standard","meta":{"_monsterinsights_skip_tracking":false,"_monsterinsights_sitenote_active":false,"_monsterinsights_sitenote_note":"","_monsterinsights_sitenote_category":0,"footnotes":""},"categories":[1],"tags":[],"class_list":["post-39242","post","type-post","status-publish","format-standard","has-post-thumbnail","hentry","category-vendi"],"_links":{"self":[{"href":"https:\/\/radiojehona.mk\/index.php?rest_route=\/wp\/v2\/posts\/39242","targetHints":{"allow":["GET"]}}],"collection":[{"href":"https:\/\/radiojehona.mk\/index.php?rest_route=\/wp\/v2\/posts"}],"about":[{"href":"https:\/\/radiojehona.mk\/index.php?rest_route=\/wp\/v2\/types\/post"}],"author":[{"embeddable":true,"href":"https:\/\/radiojehona.mk\/index.php?rest_route=\/wp\/v2\/users\/2"}],"replies":[{"embeddable":true,"href":"https:\/\/radiojehona.mk\/index.php?rest_route=%2Fwp%2Fv2%2Fcomments&post=39242"}],"version-history":[{"count":1,"href":"https:\/\/radiojehona.mk\/index.php?rest_route=\/wp\/v2\/posts\/39242\/revisions"}],"predecessor-version":[{"id":39244,"href":"https:\/\/radiojehona.mk\/index.php?rest_route=\/wp\/v2\/posts\/39242\/revisions\/39244"}],"wp:featuredmedia":[{"embeddable":true,"href":"https:\/\/radiojehona.mk\/index.php?rest_route=\/wp\/v2\/media\/39243"}],"wp:attachment":[{"href":"https:\/\/radiojehona.mk\/index.php?rest_route=%2Fwp%2Fv2%2Fmedia&parent=39242"}],"wp:term":[{"taxonomy":"category","embeddable":true,"href":"https:\/\/radiojehona.mk\/index.php?rest_route=%2Fwp%2Fv2%2Fcategories&post=39242"},{"taxonomy":"post_tag","embeddable":true,"href":"https:\/\/radiojehona.mk\/index.php?rest_route=%2Fwp%2Fv2%2Ftags&post=39242"}],"curies":[{"name":"wp","href":"https:\/\/api.w.org\/{rel}","templated":true}]}}