{"id":39238,"date":"2024-12-20T16:14:18","date_gmt":"2024-12-20T16:14:18","guid":{"rendered":"https:\/\/radiojehona.com\/?p=39238"},"modified":"2024-12-20T16:14:18","modified_gmt":"2024-12-20T16:14:18","slug":"bastisje-ne-kumanove-sekuestrohen-mjete-piroteknike","status":"publish","type":"post","link":"https:\/\/radiojehona.mk\/?p=39238","title":{"rendered":"Bastisje n\u00eb Kumanov\u00eb, sekuestrohen mjete piroteknike"},"content":{"rendered":"\n<figure class=\"wp-block-image size-full\"><img fetchpriority=\"high\" decoding=\"async\" width=\"981\" height=\"479\" src=\"https:\/\/radiojehona.com\/wp-content\/uploads\/2024\/12\/IMG_9997.jpeg\" alt=\"\" class=\"wp-image-39239\" srcset=\"https:\/\/radiojehona.mk\/wp-content\/uploads\/2024\/12\/IMG_9997.jpeg 981w, https:\/\/radiojehona.mk\/wp-content\/uploads\/2024\/12\/IMG_9997-300x146.jpeg 300w, https:\/\/radiojehona.mk\/wp-content\/uploads\/2024\/12\/IMG_9997-768x375.jpeg 768w\" sizes=\"(max-width: 981px) 100vw, 981px\" \/><\/figure>\n\n\n\n<p>Gjat\u00eb kontrollit n\u00eb objektin e tij t\u00eb shitjes, t\u00eb kryer me urdh\u00ebr t\u00eb gjykat\u00ebs, jan\u00eb gjetur dhe konfiskuar rreth 500 cop\u00eb mjete piroteknike.<\/p>\n\n\n\n<p>Me dat\u00eb 19.12.2024 n\u00eb ora 20:30 n\u00eb Kumanov\u00eb, zyrtar\u00ebt policor\u00eb nga SPB Kumanov\u00eb kan\u00eb ndaluar R.K (36).<\/p>\n\n\n\n<p>R.K. \u00ebsht\u00eb ndaluar n\u00eb stacionin policor, nd\u00ebrsa pas dokumentimit t\u00eb plot\u00eb t\u00eb rastit ndaj tij do t\u00eb ngritet kall\u00ebzim p\u00ebrkat\u00ebs.<\/p>\n","protected":false},"excerpt":{"rendered":"<p>Gjat&euml; kontrollit n&euml; objektin e tij t&euml; shitjes, t&euml; kryer me urdh&euml;r t&euml; gjykat&euml;s, jan&euml; gjetur dhe konfiskuar rreth 500 cop&euml; mjete piroteknike. Me dat&euml; 19.12.2024 n&euml; ora 20:30 n&euml; Kumanov&euml;, zyrtar&euml;t policor&euml; nga SPB Kumanov&euml; kan&euml; ndaluar R.K (36). R.K. &euml;sht&euml; ndaluar n&euml; stacionin policor, nd&euml;rsa pas dokumentimit t&euml; plot&euml; t&euml; rastit ndaj tij [&hellip;]<\/p>\n","protected":false},"author":2,"featured_media":39239,"comment_status":"open","ping_status":"closed","sticky":false,"template":"","format":"standard","meta":{"_monsterinsights_skip_tracking":false,"_monsterinsights_sitenote_active":false,"_monsterinsights_sitenote_note":"","_monsterinsights_sitenote_category":0,"footnotes":""},"categories":[1],"tags":[],"class_list":["post-39238","post","type-post","status-publish","format-standard","has-post-thumbnail","hentry","category-vendi"],"_links":{"self":[{"href":"https:\/\/radiojehona.mk\/index.php?rest_route=\/wp\/v2\/posts\/39238","targetHints":{"allow":["GET"]}}],"collection":[{"href":"https:\/\/radiojehona.mk\/index.php?rest_route=\/wp\/v2\/posts"}],"about":[{"href":"https:\/\/radiojehona.mk\/index.php?rest_route=\/wp\/v2\/types\/post"}],"author":[{"embeddable":true,"href":"https:\/\/radiojehona.mk\/index.php?rest_route=\/wp\/v2\/users\/2"}],"replies":[{"embeddable":true,"href":"https:\/\/radiojehona.mk\/index.php?rest_route=%2Fwp%2Fv2%2Fcomments&post=39238"}],"version-history":[{"count":2,"href":"https:\/\/radiojehona.mk\/index.php?rest_route=\/wp\/v2\/posts\/39238\/revisions"}],"predecessor-version":[{"id":39241,"href":"https:\/\/radiojehona.mk\/index.php?rest_route=\/wp\/v2\/posts\/39238\/revisions\/39241"}],"wp:featuredmedia":[{"embeddable":true,"href":"https:\/\/radiojehona.mk\/index.php?rest_route=\/wp\/v2\/media\/39239"}],"wp:attachment":[{"href":"https:\/\/radiojehona.mk\/index.php?rest_route=%2Fwp%2Fv2%2Fmedia&parent=39238"}],"wp:term":[{"taxonomy":"category","embeddable":true,"href":"https:\/\/radiojehona.mk\/index.php?rest_route=%2Fwp%2Fv2%2Fcategories&post=39238"},{"taxonomy":"post_tag","embeddable":true,"href":"https:\/\/radiojehona.mk\/index.php?rest_route=%2Fwp%2Fv2%2Ftags&post=39238"}],"curies":[{"name":"wp","href":"https:\/\/api.w.org\/{rel}","templated":true}]}}