{"id":39234,"date":"2024-12-20T16:11:59","date_gmt":"2024-12-20T16:11:59","guid":{"rendered":"https:\/\/radiojehona.com\/?p=39234"},"modified":"2024-12-20T16:12:00","modified_gmt":"2024-12-20T16:12:00","slug":"taravari-pas-ankesave-te-mjekeve-ne-kozle-nuk-na-duhet-emocione-do-te-vendosim-ne-baze-pragmatike","status":"publish","type":"post","link":"https:\/\/radiojehona.mk\/?p=39234","title":{"rendered":"Taravari pas ankesave t\u00eb mjek\u00ebve n\u00eb \u201cKozle\u201d: Nuk na duhet emocione, do t\u00eb vendosim n\u00eb baz\u00eb pragmatike"},"content":{"rendered":"\n<figure class=\"wp-block-image size-large\"><img fetchpriority=\"high\" decoding=\"async\" width=\"1024\" height=\"607\" src=\"https:\/\/radiojehona.com\/wp-content\/uploads\/2024\/12\/IMG_9996-1024x607.jpeg\" alt=\"\" class=\"wp-image-39235\" srcset=\"https:\/\/radiojehona.mk\/wp-content\/uploads\/2024\/12\/IMG_9996-1024x607.jpeg 1024w, https:\/\/radiojehona.mk\/wp-content\/uploads\/2024\/12\/IMG_9996-300x178.jpeg 300w, https:\/\/radiojehona.mk\/wp-content\/uploads\/2024\/12\/IMG_9996-768x455.jpeg 768w, https:\/\/radiojehona.mk\/wp-content\/uploads\/2024\/12\/IMG_9996.jpeg 1125w\" sizes=\"(max-width: 1024px) 100vw, 1024px\" \/><\/figure>\n\n\n\n<p><strong>Arsyeja pse nj\u00eb specializant n\u00eb fillim e ka kontrolluar foshnj\u00ebn shtat\u00ebmuajshe, q\u00eb nd\u00ebrroi jet\u00eb n\u00eb Klinik\u00ebn e F\u00ebmij\u00ebve, \u00ebsht\u00eb p\u00ebr shkak t\u00eb munges\u00ebs s\u00eb specialist\u00ebve, tha Ministri i Sh\u00ebndet\u00ebsis\u00eb Arben Taravari, por duke shtuar se po t\u00eb nj\u00ebjt\u00ebn dit\u00eb, pak m\u00eb von\u00eb, f\u00ebmij\u00ebn e ka kontrolluar edhe specialisti. Ministri k\u00ebrkoi q\u00eb k\u00ebto raste t\u00eb mos veprohet me emocione dhe t\u00eb merren masat e duhura. Ai sot po ashtu foli edhe p\u00ebr ankesat q\u00eb i ka nj\u00eb pjes\u00eb e mjek\u00ebve n\u00eb spitalin e&nbsp; f\u00ebmij\u00ebve KOZLE, p\u00ebr keq menaxhimin e drejtoresh\u00ebs Karolina Simonovska. Taravari tha se po shikohet puna e disa drejtor\u00ebve dhe se do t\u00eb ket\u00eb ndryshime aty ko konstatohet se nuk funksionojn\u00eb si\u00e7 duhet.<\/strong><\/p>\n\n\n\n<p>\u201cKa pasur nj\u00eb let\u00ebr q\u00eb ka ardhur prej t\u00eb pun\u00ebsuarve n\u00eb spitalin e Kozles ka nj\u00eb far\u00eb pak\u00ebnaq\u00ebsie, jemi duke i shqyrtuar disa fakte. Mua m\u00eb \u00ebsht\u00eb dashur t\u00eb takohem me drejtoresh\u00ebn, nj\u00ebra an\u00eb d\u00ebrgoi let\u00ebr, i takova duhej ta takoj edhe drejtoresh\u00ebn, thash q\u00eb jan\u00eb n\u00eb evaulim m\u00eb shum\u00eb drejtor\u00eb, k\u00ebshtu q\u00eb nuk na duhet emocione por do t\u00eb vendosim n\u00eb baz\u00eb pragmatike, aty ku drejtor\u00ebt nuk funksionojn\u00eb si\u00e7 duhet, gjithsesi se edhe disa drejtor\u00eb mund t\u00eb nd\u00ebrrohen\u201d, tha Arben Taravari, minist\u00ebr i Sh\u00ebndet\u00ebsis\u00eb.<\/p>\n","protected":false},"excerpt":{"rendered":"<p>Arsyeja pse nj&euml; specializant n&euml; fillim e ka kontrolluar foshnj&euml;n shtat&euml;muajshe, q&euml; nd&euml;rroi jet&euml; n&euml; Klinik&euml;n e F&euml;mij&euml;ve, &euml;sht&euml; p&euml;r shkak t&euml; munges&euml;s s&euml; specialist&euml;ve, tha Ministri i Sh&euml;ndet&euml;sis&euml; Arben Taravari, por duke shtuar se po t&euml; nj&euml;jt&euml;n dit&euml;, pak m&euml; von&euml;, f&euml;mij&euml;n e ka kontrolluar edhe specialisti. Ministri k&euml;rkoi q&euml; k&euml;to raste t&euml; mos [&hellip;]<\/p>\n","protected":false},"author":2,"featured_media":39235,"comment_status":"open","ping_status":"closed","sticky":false,"template":"","format":"standard","meta":{"_monsterinsights_skip_tracking":false,"_monsterinsights_sitenote_active":false,"_monsterinsights_sitenote_note":"","_monsterinsights_sitenote_category":0,"footnotes":""},"categories":[1],"tags":[],"class_list":["post-39234","post","type-post","status-publish","format-standard","has-post-thumbnail","hentry","category-vendi"],"_links":{"self":[{"href":"https:\/\/radiojehona.mk\/index.php?rest_route=\/wp\/v2\/posts\/39234","targetHints":{"allow":["GET"]}}],"collection":[{"href":"https:\/\/radiojehona.mk\/index.php?rest_route=\/wp\/v2\/posts"}],"about":[{"href":"https:\/\/radiojehona.mk\/index.php?rest_route=\/wp\/v2\/types\/post"}],"author":[{"embeddable":true,"href":"https:\/\/radiojehona.mk\/index.php?rest_route=\/wp\/v2\/users\/2"}],"replies":[{"embeddable":true,"href":"https:\/\/radiojehona.mk\/index.php?rest_route=%2Fwp%2Fv2%2Fcomments&post=39234"}],"version-history":[{"count":2,"href":"https:\/\/radiojehona.mk\/index.php?rest_route=\/wp\/v2\/posts\/39234\/revisions"}],"predecessor-version":[{"id":39237,"href":"https:\/\/radiojehona.mk\/index.php?rest_route=\/wp\/v2\/posts\/39234\/revisions\/39237"}],"wp:featuredmedia":[{"embeddable":true,"href":"https:\/\/radiojehona.mk\/index.php?rest_route=\/wp\/v2\/media\/39235"}],"wp:attachment":[{"href":"https:\/\/radiojehona.mk\/index.php?rest_route=%2Fwp%2Fv2%2Fmedia&parent=39234"}],"wp:term":[{"taxonomy":"category","embeddable":true,"href":"https:\/\/radiojehona.mk\/index.php?rest_route=%2Fwp%2Fv2%2Fcategories&post=39234"},{"taxonomy":"post_tag","embeddable":true,"href":"https:\/\/radiojehona.mk\/index.php?rest_route=%2Fwp%2Fv2%2Ftags&post=39234"}],"curies":[{"name":"wp","href":"https:\/\/api.w.org\/{rel}","templated":true}]}}